{"id":312560,"date":"2025-08-11T22:14:14","date_gmt":"2025-08-11T22:14:14","guid":{"rendered":"https:\/\/www.europesays.com\/fr\/312560\/"},"modified":"2025-08-11T22:14:14","modified_gmt":"2025-08-11T22:14:14","slug":"le-site-espagnol-de-las-medulas-classe-par-lunesco-ravage-en-partie-par-le-feu-des-images-dechirantes","status":"publish","type":"post","link":"https:\/\/www.europesays.com\/fr\/312560\/","title":{"rendered":"Le site espagnol de\u00a0Las\u00a0M\u00e9dulas class\u00e9 par l\u2019Unesco ravag\u00e9 en partie par le feu, des images d\u00e9chirantes"},"content":{"rendered":"<p>        <img decoding=\"async\" loading=\"lazy\" src=\"https:\/\/www.europesays.com\/fr\/wp-content\/uploads\/2025\/08\/a04e17e_upload-1-wljsuxbgzcgf-000-69af8h8.jpg\"  width=\"728\" height=\"409\" alt=\"Cette photo prise depuis le belv\u00e9d\u00e8re d\u2019Orellana montre le site de Las Medulas, apr\u00e8s un incendie de for\u00eat qui a ravag\u00e9 la r\u00e9gion, le 11\u00a0ao\u00fbt 2025.\"\/>  <\/p>\n<p>CESAR MANSO \/ AFP<\/p>\n<p>Cette photo prise depuis le belv\u00e9d\u00e8re d\u2019Orellana montre le site de Las Medulas, apr\u00e8s un incendie de for\u00eat qui a ravag\u00e9 la r\u00e9gion, le 11\u00a0ao\u00fbt 2025.<\/p>\n<p class=\"asset asset-text\">FEUX &#8211; Quand les<a href=\"https:\/\/www.huffingtonpost.fr\/france\/article\/l-incendie-dans-l-aude-est-enfin-maitrise-mais-le-vent-inquiete-toujours-les-autorites_253445.html\" rel=\"nofollow noopener\" target=\"_blank\"> flammes <\/a>ravagent le patrimoine naturel. La<a href=\"https:\/\/www.huffingtonpost.fr\/international\/video\/espagne-italie-grece-l-incendie-geant-dans-l-aude-n-est-pas-un-cas-isole-en-europe_253443.html\" rel=\"nofollow noopener\" target=\"_blank\"> p\u00e9ninsule ib\u00e9rique <\/a>et des pays des Balkans luttent en pleine canicule ce lundi 11\u00a0ao\u00fbt contre plusieurs incendies qui ont d\u00e9j\u00e0 ravag\u00e9 une partie du site touristique espagnol de\u00a0Las\u00a0M\u00e9dulas, class\u00e9 au Patrimoine mondial de l\u2019Unesco.<\/p>\n<p class=\"asset asset-text\">La r\u00e9gion de Castille-et-Le\u00f3n, o\u00f9 se trouve\u00a0Las\u00a0M\u00e9dulas, d\u2019anciennes mines d\u2019or romaines class\u00e9es par l\u2019Unesco en 1997, a enregistr\u00e9 treize incendies en seulement trois jours, a d\u00e9clar\u00e9 \u00e0 la presse Juan Carlos Su\u00e1rez-Qui\u00f1ones, conseiller pour l\u2019Environnement de cette r\u00e9gion du nord-ouest du pays, soulignant que beaucoup d\u2019entre eux sont intentionnels.<\/p>\n<p class=\"asset asset-text\">La lutte contre l\u2019incendie qui ravage\u00a0Las\u00a0M\u00e9dulas, qui a d\u00e9j\u00e0 fait quatre bless\u00e9s, va \u00ab\u00a0\u00eatre tr\u00e8s difficile\u00a0\u00bb en raison des \u00ab\u00a0mauvaises\u00a0\u00bb conditions m\u00e9t\u00e9orologiques et des vents \u00ab\u00a0jusqu\u2019\u00e0 40 kilom\u00e8tres par heure\u00a0\u00bb attendus, a d\u00e9clar\u00e9 Juan Carlos Su\u00e1rez-Qui\u00f1ones en conf\u00e9rence de presse.<\/p>\n<p>    Une v\u00e9g\u00e9tation en cendres    <\/p>\n<p class=\"asset asset-text\">\u00ab\u00a0Nous n\u2019autoriserons pas le retour des\u00a0\u00bb quelque 700 personnes \u00e9vacu\u00e9es tant que la s\u00e9curit\u00e9 dans leurs localit\u00e9s ne sera pas garantie, a-t-il ajout\u00e9.<\/p>\n<p class=\"asset asset-text\">Le site abrite donc d\u2019anciennes mines d\u2019or romaines du Ier\u00a0si\u00e8cle qui ont \u00e9t\u00e9 abandonn\u00e9es deux si\u00e8cles plus tard. Le temps les a entour\u00e9es de verdure et d\u2019arbres centenaires, d\u00e9sormais en cendres, <strong>comme vous pouvez le voir sur les images prises avant et apr\u00e8s les incendies ci-dessous.<\/strong><\/p>\n<p>         <img decoding=\"async\" loading=\"lazy\" src=\"https:\/\/www.europesays.com\/fr\/wp-content\/uploads\/2025\/08\/c02e930_upload-1-la8rvuczrxvt-000-69an49e.jpg\"  width=\"728\" height=\"410\" alt=\"Las Medulas, dans la municipalit\u00e9 de Carucedo, le 4\u00a0septembre 2024\u00a0(\u00e0 gauche) et le m\u00eame endroit photographi\u00e9 le 11\u00a0ao\u00fbt 2025\u00a0(\u00e0 droite) apr\u00e8s qu\u2019un incendie de for\u00eat a ravag\u00e9 la r\u00e9gion.\"\/>  <\/p>\n<p>CESAR MANSO \/ AFP<\/p>\n<p>Las Medulas, dans la municipalit\u00e9 de Carucedo, le 4\u00a0septembre 2024\u00a0(\u00e0 gauche) et le m\u00eame endroit photographi\u00e9 le 11\u00a0ao\u00fbt 2025\u00a0(\u00e0 droite) apr\u00e8s qu\u2019un incendie de for\u00eat a ravag\u00e9 la r\u00e9gion.<\/p>\n<p class=\"asset asset-text\"><strong>\u00ab\u00a0<\/strong>Ce que nous avons vu depuis le belv\u00e9d\u00e8re d\u2019Orell\u00e1n \u00e0 Las M\u00e9dulas il y a quelques mois et ce qu\u2019il en reste aujourd\u2019hui\u00a0\u00bb, \u00e9crit une internaute sur X (ex-Twitter), partageant d\u2019anciennes photos de vacances. Elle ajoute\u00a0: \u00ab\u00a0\u00e7a fait mal, \u00e7a fait tr\u00e8s mal\u00a0\u00bb.<\/p>\n<p> La lecture de ce contenu est susceptible d\u2019entra\u00eener un d\u00e9p\u00f4t de cookies de la part de l\u2019op\u00e9rateur tiers qui l\u2019h\u00e9berge. Compte-tenu des choix que vous avez exprim\u00e9s en mati\u00e8re de d\u00e9p\u00f4t de cookies, nous avons bloqu\u00e9 l\u2019affichage de ce contenu. Si vous souhaitez y acc\u00e9der, vous devez accepter la cat\u00e9gorie de cookies \u201cContenus tiers\u201d en cliquant sur le bouton ci-dessous. <\/p>\n<p> Lire la Vid\u00e9o        <\/p>\n<p class=\"asset asset-text\">\u00ab\u00a0Il faudra des ann\u00e9es pour que (le paysage) se r\u00e9tablisse\u00a0\u00bb, a d\u00e9plor\u00e9 Alfonso Fern\u00e1ndez, maire de Carucedo, une localit\u00e9 proche, interrog\u00e9 par la radio Cadena Ser.<\/p>\n<p>                          <img decoding=\"async\" loading=\"lazy\" src=\"https:\/\/www.europesays.com\/fr\/wp-content\/uploads\/2025\/08\/ff25702_upload-1-veo8s0uvmbay-000-69am6p8.jpg\"  width=\"728\" height=\"409\" alt=\"Le site de Las Medulas, apr\u00e8s un incendie de for\u00eat qui a ravag\u00e9 la r\u00e9gion, le 11\u00a0ao\u00fbt 2025.\"\/>  <\/p>\n<p>CESAR MANSO \/ AFP<\/p>\n<p>Le site de Las Medulas, apr\u00e8s un incendie de for\u00eat qui a ravag\u00e9 la r\u00e9gion, le 11\u00a0ao\u00fbt 2025.<\/p>\n<p class=\"asset asset-text\">\u00ab\u00a0Une fois les incendies encore actifs contr\u00f4l\u00e9s (&#8230;) le minist\u00e8re de la Culture, du Tourisme et du Sport r\u00e9alisera une premi\u00e8re \u00e9valuation technique pour d\u00e9terminer le degr\u00e9 d\u2019atteinte au patrimoine\u00a0\u00bb, a inform\u00e9 le gouvernement de Castille-et-Le\u00f3n dans un communiqu\u00e9.<\/p>\n<p class=\"asset asset-text\">De son c\u00f4t\u00e9, le Portugal voisin lutte lundi contre trois grands incendies, principalement dans le nord et le centre du pays.<\/p>\n<p class=\"asset asset-text\">L\u2019incendie le plus pr\u00e9occupant est \u00e0 Trancoso, dans le centre du pays. Cet incendie, actif depuis samedi, mobilise encore un dispositif important\u00a0: plus de 650 pompiers soutenus par six moyens a\u00e9riens. Il y a six bless\u00e9s l\u00e9gers, dont trois pompiers, selon un bilan de la Protection civile cit\u00e9 par l\u2019agence Lusa, qui pr\u00e9cise toutefois que la situation \u00e9volue favorablement.<\/p>\n","protected":false},"excerpt":{"rendered":"CESAR MANSO \/ AFP Cette photo prise depuis le belv\u00e9d\u00e8re d\u2019Orellana montre le site de Las Medulas, apr\u00e8s&hellip;\n","protected":false},"author":2,"featured_media":312561,"comment_status":"","ping_status":"","sticky":false,"template":"","format":"standard","meta":{"footnotes":""},"categories":[2],"tags":[11,123,27571,1011,27,1310,14,12,40040,12077],"class_list":{"0":"post-312560","1":"post","2":"type-post","3":"status-publish","4":"format-standard","5":"has-post-thumbnail","7":"category-actualites","8":"tag-actualites","9":"tag-espagne","10":"tag-feux-de-foret","11":"tag-fr","12":"tag-france","13":"tag-incendie","14":"tag-international","15":"tag-news","16":"tag-patrimoine-mondial-de-l-unesco","17":"tag-unesco"},"share_on_mastodon":{"url":"https:\/\/pubeurope.com\/@fr\/115012440437575944","error":""},"_links":{"self":[{"href":"https:\/\/www.europesays.com\/fr\/wp-json\/wp\/v2\/posts\/312560","targetHints":{"allow":["GET"]}}],"collection":[{"href":"https:\/\/www.europesays.com\/fr\/wp-json\/wp\/v2\/posts"}],"about":[{"href":"https:\/\/www.europesays.com\/fr\/wp-json\/wp\/v2\/types\/post"}],"author":[{"embeddable":true,"href":"https:\/\/www.europesays.com\/fr\/wp-json\/wp\/v2\/users\/2"}],"replies":[{"embeddable":true,"href":"https:\/\/www.europesays.com\/fr\/wp-json\/wp\/v2\/comments?post=312560"}],"version-history":[{"count":0,"href":"https:\/\/www.europesays.com\/fr\/wp-json\/wp\/v2\/posts\/312560\/revisions"}],"wp:featuredmedia":[{"embeddable":true,"href":"https:\/\/www.europesays.com\/fr\/wp-json\/wp\/v2\/media\/312561"}],"wp:attachment":[{"href":"https:\/\/www.europesays.com\/fr\/wp-json\/wp\/v2\/media?parent=312560"}],"wp:term":[{"taxonomy":"category","embeddable":true,"href":"https:\/\/www.europesays.com\/fr\/wp-json\/wp\/v2\/categories?post=312560"},{"taxonomy":"post_tag","embeddable":true,"href":"https:\/\/www.europesays.com\/fr\/wp-json\/wp\/v2\/tags?post=312560"}],"curies":[{"name":"wp","href":"https:\/\/api.w.org\/{rel}","templated":true}]}}