{"id":312562,"date":"2025-08-11T22:15:21","date_gmt":"2025-08-11T22:15:21","guid":{"rendered":"https:\/\/www.europesays.com\/fr\/312562\/"},"modified":"2025-08-11T22:15:21","modified_gmt":"2025-08-11T22:15:21","slug":"la-piscine-de-firminy-gratuite-trois-jours-pour-les-appelous","status":"publish","type":"post","link":"https:\/\/www.europesays.com\/fr\/312562\/","title":{"rendered":"la piscine de Firminy gratuite trois jours pour les Appelous"},"content":{"rendered":"<p>Pour faire face \u00e0 la vague de chaleur qui se fait aussi sentir \u00e0 Firminy, la municipalit\u00e9 a d\u00e9cid\u00e9 que la piscine Andr\u00e9-Wogenscky allait \u00eatre gratuite jusqu\u2019\u00e0 ce jeudi 14\u00a0ao\u00fbt inclus. Cette d\u00e9cision s\u2019adresse \u00e0 tous les Appelous.<\/p>\n<p>Pour en b\u00e9n\u00e9ficier, il suffit de pr\u00e9senter une pi\u00e8ce d\u2019identit\u00e9, accompagn\u00e9e d\u2019un justificatif de domicile de moins de trois mois, afin de pouvoir venir se rafra\u00eechir dans les bassins, profiter du toboggan et des plongeoirs, ou juste barboter dans le petit bain.<\/p>\n<p>Une semaine apr\u00e8s sa r\u00e9ouverture, tant attendue, la piscine Andr\u00e9-Wogenscky est donc d\u00e9j\u00e0 mise \u00e0 contribution pour lutter contre <a href=\"https:\/\/www.leprogres.fr\/environnement\/2025\/08\/08\/canicule-on-est-reparti-pour-un-episode-torride-jusqu-au-14-aout\" target=\"_blank\" rel=\"noopener\">les temp\u00e9ratures \u00e9lev\u00e9es de la semaine<\/a>. La piscine sera ouverte aux horaires d\u2019\u00e9t\u00e9s\u00a0: le mardi et le jeudi de 11\u00a0h\u00a030 \u00e0 18\u00a0heures et le mercredi de 12 \u00e0 17 heures puis de 18 \u00e0 20 heures.<\/p>\n","protected":false},"excerpt":{"rendered":"Pour faire face \u00e0 la vague de chaleur qui se fait aussi sentir \u00e0 Firminy, la municipalit\u00e9 a&hellip;\n","protected":false},"author":2,"featured_media":312563,"comment_status":"","ping_status":"","sticky":false,"template":"","format":"standard","meta":{"footnotes":""},"categories":[9653],"tags":[1111,11,2430,6698,1687,7539,436,1777,674,10282,10283,1011,27,12,25,4001],"class_list":{"0":"post-312562","1":"post","2":"type-post","3":"status-publish","4":"format-standard","5":"has-post-thumbnail","7":"category-saint-etienne","8":"tag-actu","9":"tag-actualites","10":"tag-auvergne-rhone-alpes","11":"tag-canicule","12":"tag-culture-loisirs","13":"tag-edition-loire-sud","14":"tag-environnement","15":"tag-eu","16":"tag-europe","17":"tag-firminy","18":"tag-firminy-ville","19":"tag-fr","20":"tag-france","21":"tag-news","22":"tag-republique-francaise","23":"tag-saint-etienne"},"share_on_mastodon":{"url":"https:\/\/pubeurope.com\/@fr\/115012444128147352","error":""},"_links":{"self":[{"href":"https:\/\/www.europesays.com\/fr\/wp-json\/wp\/v2\/posts\/312562","targetHints":{"allow":["GET"]}}],"collection":[{"href":"https:\/\/www.europesays.com\/fr\/wp-json\/wp\/v2\/posts"}],"about":[{"href":"https:\/\/www.europesays.com\/fr\/wp-json\/wp\/v2\/types\/post"}],"author":[{"embeddable":true,"href":"https:\/\/www.europesays.com\/fr\/wp-json\/wp\/v2\/users\/2"}],"replies":[{"embeddable":true,"href":"https:\/\/www.europesays.com\/fr\/wp-json\/wp\/v2\/comments?post=312562"}],"version-history":[{"count":0,"href":"https:\/\/www.europesays.com\/fr\/wp-json\/wp\/v2\/posts\/312562\/revisions"}],"wp:featuredmedia":[{"embeddable":true,"href":"https:\/\/www.europesays.com\/fr\/wp-json\/wp\/v2\/media\/312563"}],"wp:attachment":[{"href":"https:\/\/www.europesays.com\/fr\/wp-json\/wp\/v2\/media?parent=312562"}],"wp:term":[{"taxonomy":"category","embeddable":true,"href":"https:\/\/www.europesays.com\/fr\/wp-json\/wp\/v2\/categories?post=312562"},{"taxonomy":"post_tag","embeddable":true,"href":"https:\/\/www.europesays.com\/fr\/wp-json\/wp\/v2\/tags?post=312562"}],"curies":[{"name":"wp","href":"https:\/\/api.w.org\/{rel}","templated":true}]}}