{"id":312569,"date":"2025-08-11T22:19:11","date_gmt":"2025-08-11T22:19:11","guid":{"rendered":"https:\/\/www.europesays.com\/fr\/312569\/"},"modified":"2025-08-11T22:19:11","modified_gmt":"2025-08-11T22:19:11","slug":"toulon-meteo-mardi-matin-la-chaleur-est-deja-bien-installee","status":"publish","type":"post","link":"https:\/\/www.europesays.com\/fr\/312569\/","title":{"rendered":"TOULON : M\u00e9t\u00e9o &#8211; Mardi matin, la chaleur est d\u00e9j\u00e0 bien install\u00e9e"},"content":{"rendered":"<p><strong>La journ\u00e9e sera quasiment identique \u00e0 celle d\u2019hier, avec beaucoup de soleil et un peu d\u2019instabilit\u00e9 sur les\u00a0Alpes du Sud.<\/strong><\/p>\n<p>D\u00e8s ce matin, la chaleur est d\u00e9j\u00e0 bien install\u00e9e, avec des valeurs comprises entre 19 et 26\u00b0, ambiance caniculaire.<br data-start=\"457\" data-end=\"460\"\/>L\u2019apr\u00e8s-midi, on n\u2019\u00e9chappera pas \u00e0 la fournaise : il fera 33\u00b0 sur\u00a0<strong data-start=\"526\" data-end=\"539\">Marseille<\/strong>,\u00a0<strong data-start=\"541\" data-end=\"554\">Saint-Cyr<\/strong>\u00a0et\u00a0<strong data-start=\"558\" data-end=\"568\">Bandol<\/strong>, 34\u00b0 \u00e0\u00a0<strong data-start=\"576\" data-end=\"586\">Toulon<\/strong>,\u00a0<strong data-start=\"588\" data-end=\"602\">La Farl\u00e8de<\/strong>,\u00a0<strong data-start=\"604\" data-end=\"615\">La Crau<\/strong>\u00a0et\u00a0<strong data-start=\"619\" data-end=\"635\">Solli\u00e8s-Pont<\/strong>, mais aussi \u00e0\u00a0<strong data-start=\"650\" data-end=\"660\">Hy\u00e8res<\/strong>,\u00a0<strong data-start=\"662\" data-end=\"674\">La Londe<\/strong>\u00a0et\u00a0<strong data-start=\"678\" data-end=\"691\">Cavali\u00e8re<\/strong>.<br data-start=\"692\" data-end=\"695\"\/>Comptez 35\u00b0 sur\u00a0<strong data-start=\"711\" data-end=\"720\">Digne<\/strong>, 37\u00b0 \u00e0\u00a0<strong data-start=\"728\" data-end=\"735\">Aix<\/strong>,\u00a0<strong data-start=\"737\" data-end=\"744\">Apt<\/strong>\u00a0et\u00a0<strong data-start=\"748\" data-end=\"760\">Manosque<\/strong>, et jusqu\u2019\u00e0 39\u00b0 sur\u00a0<strong data-start=\"781\" data-end=\"791\">Orange<\/strong>.<\/p>\n<p><strong>CANICULE \u2013 Mardi 12 ao\u00fbt, le Var est maintenu en vigilance ORANGE canicule.<\/strong><\/p>\n<p><strong>Situation m\u00e9t\u00e9orologique<\/strong><\/p>\n<p>Dans le Var, les temp\u00e9ratures maximales lundi apr\u00e8s-midi, ont \u00e9t\u00e9 comprises entre 37 et 39\u00b0C dans l\u2019int\u00e9rieur des terres, localement jusqu\u2019\u00e0 40\/41\u00b0C en Val de Durance ou vers Trets et la plaine du Luc.<br \/>Sur les zones littorales, elles ont \u00e9t\u00e9 comprises entre 32 et 36\u00b0C.<br \/>Dans la nuit de lundi \u00e0 mardi, les temp\u00e9ratures minimales seront un peu plus douces que la veille, de l\u2019ordre de 19 \u00e0 23\u00b0C dans l\u2019int\u00e9rieur et 23 \u00e0 25\u00b0C sur le littoral.<br \/>Mardi apr\u00e8s-midi, tr\u00e8s peu de changement attendu pour les temp\u00e9ratures qui oscilleront entre 37 et 40\u00b0C sur tout l\u2019int\u00e9rieur, et 33 \u00e0 36\u00b0C sur les villes c\u00f4ti\u00e8res.<br \/>La canicule se poursuit au moins jusqu\u2019\u00e0 mercredi.<\/p>\n<p><strong>Les mesures prises<\/strong><\/p>\n<p><strong>Les services de l\u2019\u00c9tat sont mobilis\u00e9s dans le Var et ont mis en place les mesures pr\u00e9vues pour anticiper et g\u00e9rer l\u2019impact sanitaire des fortes chaleurs :<\/strong><\/p>\n<p>\u2022 la sensibilisation d\u00e8s \u00e0 pr\u00e9sent par l\u2019Agence r\u00e9gionale de sant\u00e9 (ARS) et le D\u00e9partement de l\u2019ensemble des \u00e9tablissements de sant\u00e9 et notamment des \u00e9tablissements accueillant des personnes \u00e2g\u00e9es et des personnes en situation de handicap ;<br \/>\u2022 le recensement et la prise de contact par les maires avec les personnes \u00e2g\u00e9es ou en situation de fragilit\u00e9 sur leur commune ;<br \/>\u2022 l\u2019information pr\u00e9ventive par les services de l\u2019\u00c9ducation nationale des organisateurs d\u2019accueil collectif de mineurs et des organisateurs de manifestations sportives ;<br \/>\u2022 la mobilisation par la DDETS (Direction d\u00e9partementale de l\u2019emploi, du travail et de la solidarit\u00e9) des op\u00e9rateurs gestionnaires de centres d\u2019h\u00e9bergement ou intervenant dans le dispositif de veille sociale (accueils de jour, maraudes\u2026) et le renforcement des maraudes associatives mais aussi des entreprises et des organisations professionnelles.<\/p>\n<p><strong>Les comportements \u00e0 adopter<\/strong><\/p>\n<p>\u2022 Maintenez votre logement frais (fermez fen\u00eatres et volets la journ\u00e9e, ouvrez-les le soir et la nuit s\u2019il fait plus frais) ;<br \/>\u2022 Buvez de l\u2019eau plusieurs fois par jour, continuez \u00e0 manger normalement ;<br \/>\u2022 Rafra\u00eechissez-vous et mouillez-vous le corps plusieurs fois par jour (visage et avants bras) ;<br \/>\u2022 Passez plusieurs heures par jour dans un lieu frais ou climatis\u00e9 ;<br \/>\u2022 \u00c9vitez de sortir aux heures les plus chaudes et de pratiquer une activit\u00e9 physique ;<br \/>\u2022 Si vous avez dans votre entourage des personnes \u00e2g\u00e9es, ou des personnes souffrant de maladies chroniques ou isol\u00e9es, prenez de leurs nouvelles ou rendez leur visite. Accompagnez-les dans un endroit frais.<\/p>\n<p><strong>Les cons\u00e9quences possibles de la canicule<\/strong><\/p>\n<p>Les fortes chaleurs peuvent toucher chacun d\u2019entre nous, m\u00eame les sujets en bonne sant\u00e9.<br \/>Cependant, le danger est plus grand pour les personnes \u00e2g\u00e9es, les personnes atteintes de maladies chroniques ou de troubles de la sant\u00e9 mentale, les personnes qui prennent r\u00e9guli\u00e8rement des m\u00e9dicaments, et les personnes isol\u00e9es ainsi que les enfants et les femmes enceintes.<br \/>Les sympt\u00f4mes d\u2019un coup de chaleur sont : une fi\u00e8vre sup\u00e9rieure \u00e0 40 \u00b0C, une peau chaude, rouge et s\u00e8che, des maux de t\u00eate, des naus\u00e9es, une somnolence, une soif intense, une confusion, des convulsions pouvant aller jusqu\u2019\u00e0 une perte de connaissance.<\/p>\n<p><strong>Si vous avez connaissance d\u2019une personne se trouvant en difficult\u00e9 du fait de ces fortes chaleurs, n\u2019h\u00e9sitez pas \u00e0 appeler les services de secours :<\/strong><\/p>\n<p>\u2022 Le 15, num\u00e9ro d\u2019appel gratuit du service d\u2019aide m\u00e9dicale urgente (SAMU)<br \/>\u2022 Le 115, num\u00e9ro d\u2019appel gratuit des urgences sociales, qui a pour mission d\u2019informer, orienter et rechercher un h\u00e9bergement pour les personnes sans domicile fixe.<\/p>\n<p><strong>ComLaRadio\u00a0<\/strong><br \/><strong>Thierry CARI<\/strong><br \/><strong>Voix Off<\/strong><br \/><strong>Animateur \/ pr\u00e9sentateur<\/strong><br \/><strong><a href=\"https:\/\/presseagence.fr\/toulon-meteo-mardi-matin-la-chaleur-est-deja-bien-installee\/mailto:Contact@thierrycari.com\" rel=\"nofollow noopener\" target=\"_blank\">Contact@thierrycari.com<\/a><\/strong><br \/><strong><a href=\"http:\/\/www.thierrycari.com\" rel=\"nofollow noopener\" target=\"_blank\">www.thierrycari.com<\/a><\/strong><\/p>\n","protected":false},"excerpt":{"rendered":"La journ\u00e9e sera quasiment identique \u00e0 celle d\u2019hier, avec beaucoup de soleil et un peu d\u2019instabilit\u00e9 sur les\u00a0Alpes&hellip;\n","protected":false},"author":2,"featured_media":281878,"comment_status":"","ping_status":"","sticky":false,"template":"","format":"standard","meta":{"footnotes":""},"categories":[9619],"tags":[1111,11,1777,674,1011,27,12,882,25,2310],"class_list":{"0":"post-312569","1":"post","2":"type-post","3":"status-publish","4":"format-standard","5":"has-post-thumbnail","7":"category-toulon","8":"tag-actu","9":"tag-actualites","10":"tag-eu","11":"tag-europe","12":"tag-fr","13":"tag-france","14":"tag-news","15":"tag-provence-alpes-cote-dazur","16":"tag-republique-francaise","17":"tag-toulon"},"share_on_mastodon":{"url":"https:\/\/pubeurope.com\/@fr\/115012459969020336","error":""},"_links":{"self":[{"href":"https:\/\/www.europesays.com\/fr\/wp-json\/wp\/v2\/posts\/312569","targetHints":{"allow":["GET"]}}],"collection":[{"href":"https:\/\/www.europesays.com\/fr\/wp-json\/wp\/v2\/posts"}],"about":[{"href":"https:\/\/www.europesays.com\/fr\/wp-json\/wp\/v2\/types\/post"}],"author":[{"embeddable":true,"href":"https:\/\/www.europesays.com\/fr\/wp-json\/wp\/v2\/users\/2"}],"replies":[{"embeddable":true,"href":"https:\/\/www.europesays.com\/fr\/wp-json\/wp\/v2\/comments?post=312569"}],"version-history":[{"count":0,"href":"https:\/\/www.europesays.com\/fr\/wp-json\/wp\/v2\/posts\/312569\/revisions"}],"wp:featuredmedia":[{"embeddable":true,"href":"https:\/\/www.europesays.com\/fr\/wp-json\/wp\/v2\/media\/281878"}],"wp:attachment":[{"href":"https:\/\/www.europesays.com\/fr\/wp-json\/wp\/v2\/media?parent=312569"}],"wp:term":[{"taxonomy":"category","embeddable":true,"href":"https:\/\/www.europesays.com\/fr\/wp-json\/wp\/v2\/categories?post=312569"},{"taxonomy":"post_tag","embeddable":true,"href":"https:\/\/www.europesays.com\/fr\/wp-json\/wp\/v2\/tags?post=312569"}],"curies":[{"name":"wp","href":"https:\/\/api.w.org\/{rel}","templated":true}]}}