{"id":312570,"date":"2025-08-11T22:20:20","date_gmt":"2025-08-11T22:20:20","guid":{"rendered":"https:\/\/www.europesays.com\/fr\/312570\/"},"modified":"2025-08-11T22:20:20","modified_gmt":"2025-08-11T22:20:20","slug":"mercer-reve-de-laisser-la-meme-empreinte-que-wilkinson","status":"publish","type":"post","link":"https:\/\/www.europesays.com\/fr\/312570\/","title":{"rendered":"Mercer r\u00eave de laisser la m\u00eame empreinte que Wilkinson"},"content":{"rendered":"<p class=\"date\">\n                                                            Guillaume Marion, Media365 : publi\u00e9 le lundi 11 ao\u00fbt 2025 \u00e0 14h15\n                                                    <\/p>\n<p>De retour en Top 14 cette saison du c\u00f4t\u00e9 de Toulon, Zach Mercer ne manque pas d&rsquo;ambition. Le 3e ligne anglais ne serait d&rsquo;ailleurs pas contre de laisser la m\u00eame empreinte que Jonny Wilkinson.<\/p>\n<p>Champion de France avec Montpellier et <a href=\"https:\/\/sports.orange.fr\/rugby\/pro-d2\/article\/top-14-pro-d2-nuit-du-rugby-montpellier-mont-de-marsan-dupont-et-sansus-recompenses-CNT000001SQOCZ.html\" rel=\"nofollow noopener\" target=\"_blank\">d\u00e9sign\u00e9 meilleur joueur du Top 14 lors de la saison 2021-22<\/a>, Zach Mercer s&rsquo;appr\u00eate \u00e0 faire son grand retour dans l&rsquo;Hexagone. En effet, apr\u00e8s avoir pass\u00e9 deux saisons \u00e0 Gloucester, o\u00f9 il esp\u00e9rait pouvoir \u00eatre \u00e0 nouveau s\u00e9lectionn\u00e9 avec le XV de la Rose, <a href=\"https:\/\/sports.orange.fr\/rugby\/top-14\/article\/top-14-toulon-plusieurs-recrues-officialisees-dont-le-meilleur-joueur-2022-du-top-14-CNT000002jtrg8.html\" rel=\"nofollow noopener\" target=\"_blank\">le 3e ligne a fait le choix de revenir en Top 14 cet \u00e9t\u00e9 du c\u00f4t\u00e9 de Toulon<\/a>. Forc\u00e9ment, de par sa nationalit\u00e9, le natif de Leeds r\u00eave de r\u00e9aliser la m\u00eame carri\u00e8re que Jonny Wilkinson avec le RCT, lui qui avait notamment \u00e9t\u00e9 double champion d&rsquo;Europe (en 2013 et 2014).\u00a0\u00ab Je suis lucide, si j&rsquo;accomplis ne serait-ce que la moiti\u00e9 de ce qu&rsquo;a r\u00e9alis\u00e9 Jonny ici, ce sera d\u00e9j\u00e0 extraordinaire. Moi, je veux gagner le Brennus et la Champions Cup \u00bb, a notamment reconnu Mercer, qui ne manque pas d&rsquo;ambition avec sa nouvelle \u00e9quipe. Frein\u00e9 la saison derni\u00e8re par une blessure, ce dernier pense que cette pause forc\u00e9e lui a \u00e9t\u00e9 b\u00e9n\u00e9fique.<\/p>\n<p><strong>Mercer : \u00ab J&rsquo;ai plus faim encore \u00bb<\/strong><\/p>\n<p>\u00ab Je sens comme un renouveau. Dans la t\u00eate, dans le corps. Je vais m\u00eame aller plus loin, mais avec un peu de recul, je pense que la blessure au genou m&rsquo;a fait du bien. C&rsquo;est dur d&rsquo;\u00eatre \u00e9loign\u00e9 des terrains sept mois mais il faut comprendre que, depuis mes 18 ans, je n&rsquo;avais jamais pu me mettre sur le bord de la route. Bath, Montpellier, Gloucester, des matchs tous les week-ends&#8230; L\u00e0, j&rsquo;ai fait du frais, et j&rsquo;ai plus faim encore, a notamment expliqu\u00e9 Mercer, lors d&rsquo;un entretien accord\u00e9 \u00e0 Var Martin. (&#8230;) \u00c7a m&rsquo;a notamment permis de passer un temps pr\u00e9cieux avec mes enfants, ce qui n&rsquo;aurait jamais \u00e9t\u00e9 possible sans ma blessure. J&rsquo;\u00e9tais \u00e0 la maison, je les ai vus grandir bien plus que je ne pouvais l&rsquo;imaginer. C&rsquo;\u00e9tait tr\u00e8s sp\u00e9cial. \u00bb En pleine pr\u00e9paration avec Toulon, le 3e ligne anglais pourrait faire son retour en Top 14 lors de la 1re journ\u00e9e&#8230; \u00e0 Montpellier.<\/p>\n","protected":false},"excerpt":{"rendered":"Guillaume Marion, Media365 : publi\u00e9 le lundi 11 ao\u00fbt 2025 \u00e0 14h15 De retour en Top 14 cette&hellip;\n","protected":false},"author":2,"featured_media":312571,"comment_status":"","ping_status":"","sticky":false,"template":"","format":"standard","meta":{"footnotes":""},"categories":[9619],"tags":[1111,11,1777,674,1011,27,12,882,25,2310],"class_list":{"0":"post-312570","1":"post","2":"type-post","3":"status-publish","4":"format-standard","5":"has-post-thumbnail","7":"category-toulon","8":"tag-actu","9":"tag-actualites","10":"tag-eu","11":"tag-europe","12":"tag-fr","13":"tag-france","14":"tag-news","15":"tag-provence-alpes-cote-dazur","16":"tag-republique-francaise","17":"tag-toulon"},"share_on_mastodon":{"url":"https:\/\/pubeurope.com\/@fr\/115012463759408785","error":""},"_links":{"self":[{"href":"https:\/\/www.europesays.com\/fr\/wp-json\/wp\/v2\/posts\/312570","targetHints":{"allow":["GET"]}}],"collection":[{"href":"https:\/\/www.europesays.com\/fr\/wp-json\/wp\/v2\/posts"}],"about":[{"href":"https:\/\/www.europesays.com\/fr\/wp-json\/wp\/v2\/types\/post"}],"author":[{"embeddable":true,"href":"https:\/\/www.europesays.com\/fr\/wp-json\/wp\/v2\/users\/2"}],"replies":[{"embeddable":true,"href":"https:\/\/www.europesays.com\/fr\/wp-json\/wp\/v2\/comments?post=312570"}],"version-history":[{"count":0,"href":"https:\/\/www.europesays.com\/fr\/wp-json\/wp\/v2\/posts\/312570\/revisions"}],"wp:featuredmedia":[{"embeddable":true,"href":"https:\/\/www.europesays.com\/fr\/wp-json\/wp\/v2\/media\/312571"}],"wp:attachment":[{"href":"https:\/\/www.europesays.com\/fr\/wp-json\/wp\/v2\/media?parent=312570"}],"wp:term":[{"taxonomy":"category","embeddable":true,"href":"https:\/\/www.europesays.com\/fr\/wp-json\/wp\/v2\/categories?post=312570"},{"taxonomy":"post_tag","embeddable":true,"href":"https:\/\/www.europesays.com\/fr\/wp-json\/wp\/v2\/tags?post=312570"}],"curies":[{"name":"wp","href":"https:\/\/api.w.org\/{rel}","templated":true}]}}