{"id":312572,"date":"2025-08-11T22:21:12","date_gmt":"2025-08-11T22:21:12","guid":{"rendered":"https:\/\/www.europesays.com\/fr\/312572\/"},"modified":"2025-08-11T22:21:12","modified_gmt":"2025-08-11T22:21:12","slug":"un-ensemble-plaisant-lors-du-concours-de-manades-du-ct-le-trident-a-maugio","status":"publish","type":"post","link":"https:\/\/www.europesays.com\/fr\/312572\/","title":{"rendered":"Un ensemble plaisant, lors du concours de manades du CT Le Trident \u00e0 Maugio"},"content":{"rendered":"<p><strong>Entr\u00e9e\u00a0: 3\/4 d\u2019ar\u00e8ne. Organisation\u00a0: Le Trident. Pr\u00e9sidence\u00a0: Joris Alvar\u00e8s. Raseteurs droitiers\u00a0: J.\u00a0Cadenas, Chekhade, Laurier, Marignan, Oukharti. Raseteurs gauchers\u00a0: El Mahboub, Na\u00efm (sort au 4e sur coup de corne). Tourneurs\u00a0: A.\u00a0Benafitou, Kherfouche, Miralles, Moutet.<\/strong><\/p>\n<p>Le concours de manades pr\u00e9sent\u00e9 par le C.T. Le Trident enregistre une belle entr\u00e9e. Tous <a href=\"https:\/\/www.laprovence.com\/article\/sortie-loisirs\/1042117553598615\/course-camarguaise-dimecre-un-dissate-pour-le-trident-dor-a-plan-dorgon-avenir\" target=\"_blank\" rel=\"noopener\">les cocardiers<\/a> ont tenu leur rang dans des registres diff\u00e9rents.<\/p>\n<p>Il convient de saluer le travail de qualit\u00e9 offert par El Mahboub et Oukharti de bout en bout. Dans l\u2019ensemble, un plus d\u2019\u00e9motion et d\u2019engagement permettrait de se retirer avec un meilleur ressenti (effet canicule ou autre\u00a0?).<\/p>\n<p><strong>LOU POUTOUN<\/strong> <strong>(Fanfonne Guillierme, N.530).-<\/strong> Il fait face \u00e0 la pression blanche et termine \u00e0 la planche pour\u00a0les attributs (3&prime;). Puis, plac\u00e9, il finit aux bois sur les rares actions propos\u00e9es. \u00c0 la 13e mn, se dresse derri\u00e8re El Mahboub. 5 Carmen et retour avec une ficelle.<\/p>\n<p><strong>OPIUM <\/strong><strong>(Le Joncas, N.422).-<\/strong> 1 mn pour les rubans, puis, plac\u00e9, il fait le pas et hausse le ton. Il souffre du d\u00e9s\u00e9quilibre droite gauche car il excelle sur les s\u00e9ries qu\u2019il conclut \u00e0 la planche. \u00c0 la 13e mn, traverse la piste derri\u00e8re Oukharti. Rentre une ficelle, Carmen plus 7.<\/p>\n<p><strong>QUIETO<\/strong> <strong>(Ch\u00eane Blanc, N.381).-<\/strong> Pour les rubans (4&prime;), il peut finir fort ou laisser passer. \u00c0 la 6e mn, ferme la porte \u00e0 El Mahboub. D\u00e9cal\u00e9, il marque sa pr\u00e9f\u00e9rence derri\u00e8re les gauchers. Malgr\u00e9 les beaux rasets d\u2019El Mahboub (3 en musique), c\u2019est trop peu, tout cela manque de liant. Ficelles \u00e0 l\u2019\u00e9table. Rentre avec le disque.<\/p>\n<p><strong>PAG\u00c8U<\/strong> <strong>(La Comtesse, N.607).-<\/strong> D\u2019entr\u00e9e, il tient le terrain favorable et cr\u00e9e la difficult\u00e9 en baissant la t\u00eate au contact et en envoyant la corne \u00e0 l\u2019arriv\u00e9e. Il utilise tout l\u2019espace pour 8 mn les pompons. Par la suite, il s\u2019impose, le cercle s\u2019\u00e9largit et les ench\u00e8res grimpent en vain. Ficelles au toril, Carmen plus 2.<\/p>\n<p><strong>PACHA<\/strong> <strong>(Lautier, N.509).-<\/strong> Bien plac\u00e9, il se dresse \u00e0 la planche \u00e0 l\u2019arriv\u00e9e pour 2 mn les rubans. \u00c0 la 7e mn, propulse Oukharti sans mal. Pacha en voulait et aurait m\u00e9rit\u00e9 un travail plus soutenu. Oukharti et El Mahboub seront ses principaux adversaires. Rentre bouche ferm\u00e9e avec une ficelle et la musique plus 6.<\/p>\n<p><strong>CONNEMARA<\/strong><strong> (Caillan, N.730).-<\/strong> <a href=\"https:\/\/www.laprovence.com\/article\/sortie-loisirs\/88520858257249\/course-camarguaise-a-eyragues-ce-lundi-connemara-repousse-les-nuages-blancs-avenir\" target=\"_blank\" rel=\"noopener\">Il sort d\u00e9cid\u00e9<\/a> et ne se laisse pas pi\u00e9ger. \u00c0 la 3e mn, ferme la porte \u00e0 Oukharti. Il se bonifie en se rapprochant des planches. \u00c0 la 9e mn, El Mahboub fr\u00f4le l\u2019accrochage. Apr\u00e8s 9 mn, place aux ficelles et on en reste l\u00e0. Connemara domine son sujet pour une 1re\u00a0r\u00e9ussie \u00e0 ce niveau. Rentre bouche ferm\u00e9e Carmen +\u00a03.<\/p>\n<p>Troph\u00e9e des As\u00a0: El Mahboub (14), Marignan (11), Na\u00efm (9), Oukharti (8), Cadenas (7), Chekhade (4).<\/p>\n","protected":false},"excerpt":{"rendered":"Entr\u00e9e\u00a0: 3\/4 d\u2019ar\u00e8ne. Organisation\u00a0: Le Trident. Pr\u00e9sidence\u00a0: Joris Alvar\u00e8s. Raseteurs droitiers\u00a0: J.\u00a0Cadenas, Chekhade, Laurier, Marignan, Oukharti. Raseteurs gauchers\u00a0:&hellip;\n","protected":false},"author":2,"featured_media":312573,"comment_status":"","ping_status":"","sticky":false,"template":"","format":"standard","meta":{"footnotes":""},"categories":[9599],"tags":[17,1111,11,13912,903,6466,9487,1777,674,1011,27,2831,7826,45236,2208,12,2680,45235,25],"class_list":{"0":"post-312572","1":"post","2":"type-post","3":"status-publish","4":"format-standard","5":"has-post-thumbnail","7":"category-montpellier","8":"tag-17","9":"tag-actu","10":"tag-actualites","11":"tag-camarguaise","12":"tag-concours","13":"tag-course","14":"tag-ensemble","15":"tag-eu","16":"tag-europe","17":"tag-fr","18":"tag-france","19":"tag-loisirs-traditions","20":"tag-lors","21":"tag-manades","22":"tag-montpellier","23":"tag-news","24":"tag-occitanie","25":"tag-plaisant","26":"tag-republique-francaise"},"share_on_mastodon":{"url":"https:\/\/pubeurope.com\/@fr\/115012467676273589","error":""},"_links":{"self":[{"href":"https:\/\/www.europesays.com\/fr\/wp-json\/wp\/v2\/posts\/312572","targetHints":{"allow":["GET"]}}],"collection":[{"href":"https:\/\/www.europesays.com\/fr\/wp-json\/wp\/v2\/posts"}],"about":[{"href":"https:\/\/www.europesays.com\/fr\/wp-json\/wp\/v2\/types\/post"}],"author":[{"embeddable":true,"href":"https:\/\/www.europesays.com\/fr\/wp-json\/wp\/v2\/users\/2"}],"replies":[{"embeddable":true,"href":"https:\/\/www.europesays.com\/fr\/wp-json\/wp\/v2\/comments?post=312572"}],"version-history":[{"count":0,"href":"https:\/\/www.europesays.com\/fr\/wp-json\/wp\/v2\/posts\/312572\/revisions"}],"wp:featuredmedia":[{"embeddable":true,"href":"https:\/\/www.europesays.com\/fr\/wp-json\/wp\/v2\/media\/312573"}],"wp:attachment":[{"href":"https:\/\/www.europesays.com\/fr\/wp-json\/wp\/v2\/media?parent=312572"}],"wp:term":[{"taxonomy":"category","embeddable":true,"href":"https:\/\/www.europesays.com\/fr\/wp-json\/wp\/v2\/categories?post=312572"},{"taxonomy":"post_tag","embeddable":true,"href":"https:\/\/www.europesays.com\/fr\/wp-json\/wp\/v2\/tags?post=312572"}],"curies":[{"name":"wp","href":"https:\/\/api.w.org\/{rel}","templated":true}]}}