{"id":312580,"date":"2025-08-11T22:29:13","date_gmt":"2025-08-11T22:29:13","guid":{"rendered":"https:\/\/www.europesays.com\/fr\/312580\/"},"modified":"2025-08-11T22:29:13","modified_gmt":"2025-08-11T22:29:13","slug":"kalimuendo-prive-rennes-de-25-me","status":"publish","type":"post","link":"https:\/\/www.europesays.com\/fr\/312580\/","title":{"rendered":"Kalimuendo prive Rennes de 25 ME"},"content":{"rendered":"<p><strong>Le Stade Rennais devrait conna\u00eetre encore pas mal de mouvements sur le march\u00e9 des transferts. Il se dit de plus en plus qu&rsquo;Arnaud Kalimuendo quittera le navire breton dans les prochaines semaines.\u00a0<\/strong><\/p>\n<p>Le <a href=\"https:\/\/www.foot01.com\/equipe\/rennes\/un-gros-transfert-a-rennes-ca-s-accelebre-subitement-458315\" rel=\"nofollow noopener\" target=\"_blank\">Stade Rennais<\/a> esp\u00e8re bien r\u00e9aliser une belle saison dans les prochaines semaines. L&rsquo;exercice pr\u00e9c\u00e9dent a \u00e9t\u00e9 totalement rat\u00e9 mais la r\u00e9cente arriv\u00e9e d&rsquo;Habib Beye a eu le m\u00e9rite de d\u00e9marrer une nouvelle dynamique. L&rsquo;ancien entraineur du Red Star veut pouvoir compter sur des joueurs investis et motiv\u00e9s \u00e0 l&rsquo;id\u00e9e de repr\u00e9senter le maillot du Stade Rennais. Habib Beye veut encore du renfort, d&rsquo;autant que certains joueurs importants de son \u00e9quipe sont annonc\u00e9s partants. C&rsquo;est notamment le cas d&rsquo;Arnaud Kalimuendo, qui ne manque pas de pr\u00e9tendants pour l&rsquo;accueillir.\u00a0<\/p>\n<p>Kalimuendo, un avenir qui se dessine en Premier League ?<\/p>\n<blockquote class=\"instagram-media\" data-instgrm-captioned=\"\" data-instgrm-permalink=\"https:\/\/www.instagram.com\/p\/DLk106Xt4yz\/?utm_source=ig_embed&amp;utm_campaign=loading\" data-instgrm-version=\"14\" style=\"background: #FFF; border: 0; border-radius: 3px; box-shadow: 0 0 1px 0 rgba(0,0,0,0.5),0 1px 10px 0 rgba(0,0,0,0.15); margin: 1px; max-width: 540px; min-width: 326px; padding: 0; width: calc(100% - 2px);\"><p>&#13;<br \/>\n&#13;\n<\/p><\/blockquote>\n<p>Selon les derni\u00e8res informations de The Athletic, trois clubs de Premier League sont en effet dans le coup pour s&rsquo;attacher les services de l&rsquo;ancien joueur du PSG : Newcastle, Brentford et Leeds. D&rsquo;ailleurs, le m\u00e9dia pr\u00e9cise que les Peacocks s&rsquo;\u00e9taient mis d&rsquo;accord avec Rennes pour un transfert estim\u00e9 \u00e0 25 millions d&rsquo;euros mais que l&rsquo;attaquant fran\u00e7ais a finalement refus\u00e9 une arriv\u00e9e \u00e0 Leeds. Reste \u00e0 savoir si Brentford et Newcastle sauront eux trouver les bons arguments pour le convaincre de signer. En tout cas, les Bretons s&rsquo;attendent \u00e0 recevoir un joli ch\u00e8que pour laisser partir le joueur de 23 ans. La saison pass\u00e9e avec le Stade Rennais, Arnaud Kalimuendo avait plant\u00e9 18 buts pour 4 passes d\u00e9cisives donn\u00e9es en 34 matchs jou\u00e9s. De quoi attirer l&rsquo;oeil d&rsquo;\u00e9curies anglaises donc mais \u00e9galement il y a quelque temps de l&rsquo;AC Milan, la Juve, l&rsquo;AS Roma, Stuttgart et l\u2019Eintracht Francfort. De quoi assurer un bel avenir au plus haut niveau europ\u00e9en.\u00a0<\/p>\n<p>          <script async src=\"\/\/www.instagram.com\/embed.js\"><\/script><\/p>\n","protected":false},"excerpt":{"rendered":"Le Stade Rennais devrait conna\u00eetre encore pas mal de mouvements sur le march\u00e9 des transferts. Il se dit&hellip;\n","protected":false},"author":2,"featured_media":312581,"comment_status":"","ping_status":"","sticky":false,"template":"","format":"standard","meta":{"footnotes":""},"categories":[2821],"tags":[1111,11,829,1777,674,1011,27,12,584,25],"class_list":{"0":"post-312580","1":"post","2":"type-post","3":"status-publish","4":"format-standard","5":"has-post-thumbnail","7":"category-rennes","8":"tag-actu","9":"tag-actualites","10":"tag-bretagne","11":"tag-eu","12":"tag-europe","13":"tag-fr","14":"tag-france","15":"tag-news","16":"tag-rennes","17":"tag-republique-francaise"},"share_on_mastodon":{"url":"https:\/\/pubeurope.com\/@fr\/115012499182810228","error":""},"_links":{"self":[{"href":"https:\/\/www.europesays.com\/fr\/wp-json\/wp\/v2\/posts\/312580","targetHints":{"allow":["GET"]}}],"collection":[{"href":"https:\/\/www.europesays.com\/fr\/wp-json\/wp\/v2\/posts"}],"about":[{"href":"https:\/\/www.europesays.com\/fr\/wp-json\/wp\/v2\/types\/post"}],"author":[{"embeddable":true,"href":"https:\/\/www.europesays.com\/fr\/wp-json\/wp\/v2\/users\/2"}],"replies":[{"embeddable":true,"href":"https:\/\/www.europesays.com\/fr\/wp-json\/wp\/v2\/comments?post=312580"}],"version-history":[{"count":0,"href":"https:\/\/www.europesays.com\/fr\/wp-json\/wp\/v2\/posts\/312580\/revisions"}],"wp:featuredmedia":[{"embeddable":true,"href":"https:\/\/www.europesays.com\/fr\/wp-json\/wp\/v2\/media\/312581"}],"wp:attachment":[{"href":"https:\/\/www.europesays.com\/fr\/wp-json\/wp\/v2\/media?parent=312580"}],"wp:term":[{"taxonomy":"category","embeddable":true,"href":"https:\/\/www.europesays.com\/fr\/wp-json\/wp\/v2\/categories?post=312580"},{"taxonomy":"post_tag","embeddable":true,"href":"https:\/\/www.europesays.com\/fr\/wp-json\/wp\/v2\/tags?post=312580"}],"curies":[{"name":"wp","href":"https:\/\/api.w.org\/{rel}","templated":true}]}}