{"id":312585,"date":"2025-08-11T22:32:11","date_gmt":"2025-08-11T22:32:11","guid":{"rendered":"https:\/\/www.europesays.com\/fr\/312585\/"},"modified":"2025-08-11T22:32:11","modified_gmt":"2025-08-11T22:32:11","slug":"rd2204-les-travaux-de-securisation-entre-lescarene-et-la-pointe-de-contes-touchent-a-leur-fin","status":"publish","type":"post","link":"https:\/\/www.europesays.com\/fr\/312585\/","title":{"rendered":"RD2204: les travaux de s\u00e9curisation entre L\u2019Escar\u00e8ne et La Pointe-de-Contes touchent \u00e0 leur fin"},"content":{"rendered":"<p>Les travaux de la RD2204, axe routier qui fait la jonction entre L\u2019Escar\u00e8ne et le rond-point de La Pointe-de-Contes, arrivent quasiment \u00e0 leur terme. Cette portion de l\u2019historique Route du Sel a bien chang\u00e9 depuis le temps des fiacres et des carrioles de bric et de broc. Ralentir, s\u00e9curiser, responsabiliser, moderniser sont devenus les mots d\u2019ordre de la mutation d\u2019une voie toujours plus emprunt\u00e9e, avec pour cons\u00e9quences des transformations d\u2019am\u00e9nagement majeures et in\u00e9vitables.<\/p>\n<p>Concr\u00e8tement, avec la fin d\u2019une partie du chantier, les d\u00e9passements de v\u00e9hicules sont interdits entre l\u2019enseigne Bricopro et l\u2019entr\u00e9e du chemin du Destey. Soit une portion de 400 m\u00e8tres o\u00f9 la vitesse sera limit\u00e9e \u00e0 30 km\/h.<\/p>\n<p>La zone d\u00e9sormais consid\u00e9r\u00e9e comme une agglom\u00e9ration <\/p>\n<p>Avec les nombreuses habitations qui y ont fleuri ces quatre derni\u00e8res d\u00e9cennies, en plus de la zone d\u2019activit\u00e9 sortie de terre il y a deux ans, le secteur est d\u00e9sormais consid\u00e9r\u00e9 comme une agglom\u00e9ration \u00e0 part enti\u00e8re, c\u2019est-\u00e0-dire une zone o\u00f9 la vitesse maximale autoris\u00e9e est de 50 km\/h. Dans les faits, elle y est r\u00e9duite \u00e0 30 km\/h par la pose de coussins berlinois et l\u2019installation de trottoirs en bordure pour les pi\u00e9tons.<\/p>\n<p>La largeur des voies a aussi \u00e9t\u00e9 r\u00e9duite en m\u00eame temps que la pose d\u2019un \u00eelot central pour maintenir le cap d\u2019une vitesse mod\u00e9r\u00e9e chez les automobilistes.<\/p>\n","protected":false},"excerpt":{"rendered":"Les travaux de la RD2204, axe routier qui fait la jonction entre L\u2019Escar\u00e8ne et le rond-point de La&hellip;\n","protected":false},"author":2,"featured_media":312586,"comment_status":"","ping_status":"","sticky":false,"template":"","format":"standard","meta":{"footnotes":""},"categories":[2819],"tags":[1111,11,1777,674,1011,27,12,2401,882,25,3366],"class_list":{"0":"post-312585","1":"post","2":"type-post","3":"status-publish","4":"format-standard","5":"has-post-thumbnail","7":"category-nice","8":"tag-actu","9":"tag-actualites","10":"tag-eu","11":"tag-europe","12":"tag-fr","13":"tag-france","14":"tag-news","15":"tag-nice","16":"tag-provence-alpes-cote-dazur","17":"tag-republique-francaise","18":"tag-vie-locale"},"share_on_mastodon":{"url":"https:\/\/pubeurope.com\/@fr\/115012510963458581","error":""},"_links":{"self":[{"href":"https:\/\/www.europesays.com\/fr\/wp-json\/wp\/v2\/posts\/312585","targetHints":{"allow":["GET"]}}],"collection":[{"href":"https:\/\/www.europesays.com\/fr\/wp-json\/wp\/v2\/posts"}],"about":[{"href":"https:\/\/www.europesays.com\/fr\/wp-json\/wp\/v2\/types\/post"}],"author":[{"embeddable":true,"href":"https:\/\/www.europesays.com\/fr\/wp-json\/wp\/v2\/users\/2"}],"replies":[{"embeddable":true,"href":"https:\/\/www.europesays.com\/fr\/wp-json\/wp\/v2\/comments?post=312585"}],"version-history":[{"count":0,"href":"https:\/\/www.europesays.com\/fr\/wp-json\/wp\/v2\/posts\/312585\/revisions"}],"wp:featuredmedia":[{"embeddable":true,"href":"https:\/\/www.europesays.com\/fr\/wp-json\/wp\/v2\/media\/312586"}],"wp:attachment":[{"href":"https:\/\/www.europesays.com\/fr\/wp-json\/wp\/v2\/media?parent=312585"}],"wp:term":[{"taxonomy":"category","embeddable":true,"href":"https:\/\/www.europesays.com\/fr\/wp-json\/wp\/v2\/categories?post=312585"},{"taxonomy":"post_tag","embeddable":true,"href":"https:\/\/www.europesays.com\/fr\/wp-json\/wp\/v2\/tags?post=312585"}],"curies":[{"name":"wp","href":"https:\/\/api.w.org\/{rel}","templated":true}]}}