{"id":312592,"date":"2025-08-11T22:37:11","date_gmt":"2025-08-11T22:37:11","guid":{"rendered":"https:\/\/www.europesays.com\/fr\/312592\/"},"modified":"2025-08-11T22:37:11","modified_gmt":"2025-08-11T22:37:11","slug":"avec-416c-au-compteur-bordeaux-bat-son-record-de-chaleur-la-vigilance-rouge-est-maintenue","status":"publish","type":"post","link":"https:\/\/www.europesays.com\/fr\/312592\/","title":{"rendered":"Avec 41,6\u00b0C au compteur, Bordeaux bat son record de chaleur, la vigilance rouge est maintenue\u00a0"},"content":{"rendered":"<p class=\"wp-block-post-excerpt__excerpt\">L\u2019alerte rouge canicule d\u00e9clench\u00e9e sur le d\u00e9partement de la Gironde depuis ce lundi midi, reste active au minimum jusqu\u2019\u00e0 mercredi inclus. La vague de chaleur, qui a donn\u00e9 lieu \u00e0 un nouveau record de temp\u00e9rature \u00e0 Bordeaux, pourrait durer encore plusieurs jours. <\/p>\n<p class=\"font-sans\">\n\t\t\tCet article est en acc\u00e8s libre. Pour soutenir Rue89Bordeaux,<br \/>\n\t\t\t<a class=\"underline\" href=\"https:\/\/rue89bordeaux.com\/abonnement\/\" target=\"_blank\" rel=\"noopener\">abonnez-vous<\/a>.\n\t\t<\/p>\n<p>Tom Martorelli<\/p>\n<p>Publi\u00e9 le 11 ao\u00fbt 2025\u00a0\u00a0\u00b7\u00a0\u00a0<\/p>\n<p>Imprim\u00e9 le 12 ao\u00fbt 2025 \u00e0 00h16\u00a0\u00a0\u00b7\u00a0\u00a0<\/p>\n<p>\t\t\t\t\t4\u00a0minutes\n<\/p>\n<p>Pour la premi\u00e8re fois depuis 2022, l\u2019alerte canicule \u2013 en vigueur depuis vendredi en Gironde \u2013 <a href=\"https:\/\/www.gironde.gouv.fr\/Actualites\/Communiques-de-presse\/Communiques-de-presse-2025\/Aout-2025\/Alerte-canicule-vigilance-ROUGE-en-Gironde\" target=\"_blank\" rel=\"noopener\">a vir\u00e9 au rouge<\/a> tout comme celle concernant les feux de for\u00eat. Et \u00e0 Bordeaux, au m\u00eame titre que 20 autres communes du Sud-Ouest, le record de chaleur est tomb\u00e9. \u00c0 16 heures, le mercure a atteint 41,6 \u00b0C, <a href=\"https:\/\/www.francebleu.fr\/infos\/meteo\/canicule-record-de-chaleur-absolu-battu-a-bordeaux-avec-41-6-0c-atteints-ce-lundi-9240168#:~:text=Le%20record%20absolu%20de%20temp\u00e9rature,6\u00b0C%20\u00e0%20Bordeaux.\" target=\"_blank\" rel=\"noopener\">battant ainsi un pr\u00e9c\u00e9dent record de 41,2 \u00b0C atteint le 23 juillet 2019<\/a>.<\/p>\n<p>\t\t\u00ab\u00a0Les perspectives de M\u00e9t\u00e9o-France ne sont pas positives\u00a0\u00bb<\/p>\n<blockquote class=\"wp-block-quote is-layout-flow wp-block-quote-is-layout-flow\">\n<p>\u00ab\u00a0Tous les indicateurs sont au rouge et les perspectives de M\u00e9t\u00e9o-France ne sont pas positives. Nous ne savons pas \u00e0 quel moment la tendance va s\u2019inverser\u00a0\u00bb, annonce Nicolas Hesse, le pr\u00e9fet d\u00e9l\u00e9gu\u00e9 de Gironde pour la d\u00e9fense et la s\u00e9curit\u00e9 lors d\u2019une conf\u00e9rence de presse tenue ce lundi apr\u00e8s-midi.<\/p>\n<\/blockquote>\n<p>La nouvelle n\u2019a pas de quoi rassurer les Bordelais. Depuis quatre jours, ils subissent des vagues de chaleur intenses et devront affronter, \u00e0 nouveau, les cons\u00e9quences de cet \u00e9pisode climatique extr\u00eame jusqu\u2019\u00e0 mercredi inclus, au minimum. C\u2019est \u00e0 ce moment pr\u00e9cis qu\u2019une nouvelle \u00e9valuation de la pr\u00e9fecture sera \u00e9tablie. Elle visera \u00e0 maintenir, abaisser ou prolonger le degr\u00e9 d\u2019intensit\u00e9 de la vigilance.<\/p>\n<p>Mais l\u2019\u00e9pisode caniculaire \u00ab\u00a0devrait durer plus de dix jours et enregistrer une intensit\u00e9 remarquable\u00a0\u00bb <a href=\"https:\/\/www.lemonde.fr\/planete\/article\/2025\/08\/11\/la-vague-de-chaleur-en-cours-en-france-sera-longue-et-d-une-intensite-remarquable_6628279_3244.html\" target=\"_blank\" rel=\"noopener\">pr\u00e9vient Patrick Gallois, pr\u00e9visionniste \u00e0 M\u00e9t\u00e9o-France, dans les colonnes du Monde<\/a>. Derni\u00e8re preuve en date, s\u2019il en fallait une, du d\u00e9r\u00e8glement climatique majeur en cours, avec une temp\u00e9rature moyenne qui a augment\u00e9 de 1,5\u00b0 en 50 ans, et des \u00e9pisodes caniculaires qui se multiplient depuis 20 ans. <\/p>\n<p>\t\tAttention aux personnes expos\u00e9es<\/p>\n<p>Aussi, les autorit\u00e9s comptent sur la mobilisation g\u00e9n\u00e9rale.<\/p>\n<blockquote class=\"wp-block-quote is-layout-flow wp-block-quote-is-layout-flow\">\n<p>\u00ab\u00a0Seuil rouge, \u00e7a doit vouloir dire mobilisation totale des populations girondines et touristiques. La canicule, ainsi que les feux de for\u00eat, sont l\u2019affaire de tous, mart\u00e8le le pr\u00e9fet d\u00e9l\u00e9gu\u00e9. On peut aussi compter sur l\u2019action des maires et des \u00e9lus locaux, avec une attention particuli\u00e8re pour les personnes expos\u00e9es, c\u2019est-\u00e0-dire les enfants, les personnes \u00e2g\u00e9es, les personnes handicap\u00e9es, malades ou isol\u00e9es, ainsi que les travailleurs.\u00a0\u00bb<\/p>\n<\/blockquote>\n<p>Les services d\u00e9partementaux ont ainsi pris les mesures n\u00e9cessaires pour accompagner ces personnes vuln\u00e9rables et \u00ab\u00a0\u00e9veiller les consciences\u00a0\u00bb afin que chacun puisse prendre ses responsabilit\u00e9s.<\/p>\n<blockquote class=\"wp-block-quote is-layout-flow wp-block-quote-is-layout-flow\">\n<p>\u00ab\u00a0L\u2019octroi d\u2019une heure suppl\u00e9mentaire d\u2019aide \u00e0 domicile par jour pour les personnes \u00e2g\u00e9es isol\u00e9es b\u00e9n\u00e9ficiaires de l\u2019APA (allocation personnalis\u00e9e d\u2019autonomie) en mode prestataire et le d\u00e9clenchement d\u2019une cellule d\u2019\u00e9coute d\u00e9di\u00e9e joignable au\u00a005 56 99 66 99\u00a0\u00bb font aussi partie du <a href=\"https:\/\/www.gironde.fr\/sites\/default\/files\/2025-06\/Flyer-PlanCanicule-1.pdf\" target=\"_blank\" rel=\"noopener\">dispositif de soutien mis en place par le d\u00e9partement<\/a>.<\/p>\n<\/blockquote>\n<p>Le pr\u00e9fet rappelle aussi qu\u2019il est fortement recommand\u00e9 de boire au minimum 1,5 litre d\u2019eau par jour, d\u2019\u00e9viter de sortir et de pratiquer du sport aux heures les plus chaudes ou encore de prendre r\u00e9guli\u00e8rement des nouvelles de ses proches. Les manifestations publiques en ext\u00e9rieur ou dans un \u00e9tablissement recevant du public non climatis\u00e9 sont quant \u00e0 elles interdites.\u00a0<\/p>\n<p><strong>Des incendies en hausse en Gironde<\/strong><\/p>\n<p>Par ailleurs, la vigilance feux de for\u00eat est pass\u00e9e au rouge. En Gironde, depuis le 15 juin, 247 incendies se sont d\u00e9clar\u00e9s et 120 hectares de parcelles ont br\u00fbl\u00e9, deux fois plus que sur toute l\u2019ann\u00e9e 2024, o\u00f9 175 feux ayant ravag\u00e9 34 hectares de for\u00eat -, annonce Nicolas Hesse. Le dernier en date a eu lieu ce lundi pr\u00e8s de l\u2019a\u00e9roport de Bordeaux M\u00e9rignac, qui a br\u00fbl\u00e9 pr\u00e8s d\u2019un hectare et n\u00e9cessit\u00e9 l\u2019\u00e9vacuation de 23 personnes.<\/p>\n<p>La chaleur et la s\u00e9cheresse obligent \u00e0 une mobilisation exceptionnelle des pompiers, avec quatorze groupes d\u2019intervention d\u00e9ploy\u00e9s sur le terrain, contre quatre d\u2019ordinaire. Les v\u00e9hicules terrestres et a\u00e9riens, comme les Dash transportant du retardant, ainsi que deux Canadairs et l\u2019unit\u00e9 d\u2019intervention et d\u2019instruction de la s\u00e9curit\u00e9 civile bas\u00e9e \u00e0 Libourne, patrouillent partout en Gironde pour pr\u00e9venir les d\u00e9parts de feux.<\/p>\n<p>La pr\u00e9fecture mobilise \u00e9galement les forces de s\u00e9curit\u00e9 int\u00e9rieures de l\u2019\u00c9tat, comme les policiers, gendarmes ou encore les huit patrouilles de l\u2019Office national des for\u00eats (ONF). L\u2019alerte rouge, d\u00e9clench\u00e9e pour les feux de for\u00eat, ne correspond cependant pas au plus haut niveau d\u2019alerte. Une vigilance noire \u201cinterdirait \u00e0 quiconque de se rendre en for\u00eat\u201d pr\u00e9vient le pr\u00e9fet d\u00e9l\u00e9gu\u00e9.\u00a0<\/p>\n<p>Pour \u00e9viter les risques, la Gironde interdit les activit\u00e9s physiques non encadr\u00e9es par un professionnel et autorise celles encadr\u00e9es par un professionnel seulement l\u2019apr\u00e8s-midi. Aucun engin \u00e0 moteur ne doit figurer dans la for\u00eat. Les sites d\u2019activit\u00e9s de loisirs am\u00e9nag\u00e9s, culturels et sportifs sont ouverts uniquement le matin tant que l\u2019alerte rouge est en vigueur. Les bases nautiques et les plages restent, elles, toujours ouvertes.<\/p>\n<p>Rue89 Bordeaux a besoin de vos dons<\/p>\n<p>Mille mercis \u00e0 nos 131 donateurs ! Gr\u00e2ce \u00e0 vous, nous avons atteint notre objectif initial de 10\u202f000\u202f\u20ac. Ce soutien va nous permettre de renflouer notre tr\u00e9sorerie, apr\u00e8s le d\u00e9sengagement en 2025 d\u2019un annonceur important \u2013 Bordeaux M\u00e9tropole \u2013 et de r\u00e9gler nos factures en attente.<br \/>Cependant, la cagnotte reste ouverte jusqu\u2019\u00e0 fin septembre afin de vous laisser l\u2019occasion de continuer \u00e0 soutenir votre m\u00e9dia ind\u00e9pendant. Chaque don est d\u00e9ductible des imp\u00f4ts \u00e0 hauteur de 66\u202f%. En recevoir davantage nous permettra de consolider nos finances, d\u2019envisager une rentr\u00e9e sereine, et surtout, d\u2019enrichir nos contenus et de renforcer notre r\u00e9daction.<\/p>\n","protected":false},"excerpt":{"rendered":"L\u2019alerte rouge canicule d\u00e9clench\u00e9e sur le d\u00e9partement de la Gironde depuis ce lundi midi, reste active au minimum&hellip;\n","protected":false},"author":2,"featured_media":312593,"comment_status":"","ping_status":"","sticky":false,"template":"","format":"standard","meta":{"footnotes":""},"categories":[2817],"tags":[1111,11,1997,6698,36915,1777,674,1011,27,2357,12,2219,25],"class_list":{"0":"post-312592","1":"post","2":"type-post","3":"status-publish","4":"format-standard","5":"has-post-thumbnail","7":"category-bordeaux","8":"tag-actu","9":"tag-actualites","10":"tag-bordeaux","11":"tag-canicule","12":"tag-dereglement-climatique","13":"tag-eu","14":"tag-europe","15":"tag-fr","16":"tag-france","17":"tag-meteo-france","18":"tag-news","19":"tag-nouvelle-aquitaine","20":"tag-republique-francaise"},"share_on_mastodon":{"url":"https:\/\/pubeurope.com\/@fr\/115012530713120288","error":""},"_links":{"self":[{"href":"https:\/\/www.europesays.com\/fr\/wp-json\/wp\/v2\/posts\/312592","targetHints":{"allow":["GET"]}}],"collection":[{"href":"https:\/\/www.europesays.com\/fr\/wp-json\/wp\/v2\/posts"}],"about":[{"href":"https:\/\/www.europesays.com\/fr\/wp-json\/wp\/v2\/types\/post"}],"author":[{"embeddable":true,"href":"https:\/\/www.europesays.com\/fr\/wp-json\/wp\/v2\/users\/2"}],"replies":[{"embeddable":true,"href":"https:\/\/www.europesays.com\/fr\/wp-json\/wp\/v2\/comments?post=312592"}],"version-history":[{"count":0,"href":"https:\/\/www.europesays.com\/fr\/wp-json\/wp\/v2\/posts\/312592\/revisions"}],"wp:featuredmedia":[{"embeddable":true,"href":"https:\/\/www.europesays.com\/fr\/wp-json\/wp\/v2\/media\/312593"}],"wp:attachment":[{"href":"https:\/\/www.europesays.com\/fr\/wp-json\/wp\/v2\/media?parent=312592"}],"wp:term":[{"taxonomy":"category","embeddable":true,"href":"https:\/\/www.europesays.com\/fr\/wp-json\/wp\/v2\/categories?post=312592"},{"taxonomy":"post_tag","embeddable":true,"href":"https:\/\/www.europesays.com\/fr\/wp-json\/wp\/v2\/tags?post=312592"}],"curies":[{"name":"wp","href":"https:\/\/api.w.org\/{rel}","templated":true}]}}