{"id":312598,"date":"2025-08-11T22:41:24","date_gmt":"2025-08-11T22:41:24","guid":{"rendered":"https:\/\/www.europesays.com\/fr\/312598\/"},"modified":"2025-08-11T22:41:24","modified_gmt":"2025-08-11T22:41:24","slug":"gagnez-vos-places-pour-le-match-entre-le-stade-brestois-et-le-losc-lille","status":"publish","type":"post","link":"https:\/\/www.europesays.com\/fr\/312598\/","title":{"rendered":"Gagnez vos places pour le match entre le Stade Brestois et le LOSC Lille !"},"content":{"rendered":"\n<p style=\"text-align: justify;\"><strong>Assistez \u00e0 la rencontre entre le Stade Brestois et le LOSC Lille dimanche 17 ao\u00fbt, \u00e0 partir de 15h00, au Stade Francis-Le Bl\u00e9, pour la 1\u00e8re\u00a0journ\u00e9e de Ligue 1 !<\/strong><\/p>\n<p style=\"text-align: justify;\">\u00a0<\/p>\n<p style=\"text-align: justify;\">Compl\u00e9tez le formulaire ci-dessous pour vous inscrire et gagner vos places pour le match entre le Stade Brestois et Lille.<\/p>\n<p style=\"text-align: justify;\">\u00a0<\/p>\n<p style=\"text-align: justify;\">\u00a0<\/p>\n<p style=\"text-align: justify;\"><strong>Alouette, la radio supporter du Stade Brestois !<\/strong><\/p>\n<p style=\"text-align: justify;\">\u00a0<\/p>\n<p style=\"text-align: justify;\">\u00a0<\/p>\n<p style=\"text-align: justify;\">\u00a0<\/p>\n<p style=\"text-align: justify;\">\u00a0<\/p>\n<p style=\"text-align: justify;\"><a href=\"https:\/\/bocir-prod-bucket.s3.amazonaws.com\/medias\/6cOIUcKx8a\/pdf\/reglement_cadre_alouette_au_1_juin_20251749040703387.pdf\" rel=\"noopener\" target=\"_blank\">R\u00e8glement du jeu<\/a><\/p>\n","protected":false},"excerpt":{"rendered":"Assistez \u00e0 la rencontre entre le Stade Brestois et le LOSC Lille dimanche 17 ao\u00fbt, \u00e0 partir de&hellip;\n","protected":false},"author":2,"featured_media":312599,"comment_status":"","ping_status":"","sticky":false,"template":"","format":"standard","meta":{"footnotes":""},"categories":[2815],"tags":[1111,11,2888,3450,1777,674,2257,63,1011,27,7683,811,1197,1307,2267,955,12,1825,25,4449],"class_list":{"0":"post-312598","1":"post","2":"type-post","3":"status-publish","4":"format-standard","5":"has-post-thumbnail","7":"category-lille","8":"tag-actu","9":"tag-actualites","10":"tag-alouette","11":"tag-brest","12":"tag-eu","13":"tag-europe","14":"tag-foot","15":"tag-football","16":"tag-fr","17":"tag-france","18":"tag-gagner","19":"tag-hauts-de-france","20":"tag-jeu","21":"tag-lille","22":"tag-losc","23":"tag-match","24":"tag-news","25":"tag-radio","26":"tag-republique-francaise","27":"tag-stade-brestois"},"share_on_mastodon":{"url":"https:\/\/pubeurope.com\/@fr\/115012546323009438","error":""},"_links":{"self":[{"href":"https:\/\/www.europesays.com\/fr\/wp-json\/wp\/v2\/posts\/312598","targetHints":{"allow":["GET"]}}],"collection":[{"href":"https:\/\/www.europesays.com\/fr\/wp-json\/wp\/v2\/posts"}],"about":[{"href":"https:\/\/www.europesays.com\/fr\/wp-json\/wp\/v2\/types\/post"}],"author":[{"embeddable":true,"href":"https:\/\/www.europesays.com\/fr\/wp-json\/wp\/v2\/users\/2"}],"replies":[{"embeddable":true,"href":"https:\/\/www.europesays.com\/fr\/wp-json\/wp\/v2\/comments?post=312598"}],"version-history":[{"count":0,"href":"https:\/\/www.europesays.com\/fr\/wp-json\/wp\/v2\/posts\/312598\/revisions"}],"wp:featuredmedia":[{"embeddable":true,"href":"https:\/\/www.europesays.com\/fr\/wp-json\/wp\/v2\/media\/312599"}],"wp:attachment":[{"href":"https:\/\/www.europesays.com\/fr\/wp-json\/wp\/v2\/media?parent=312598"}],"wp:term":[{"taxonomy":"category","embeddable":true,"href":"https:\/\/www.europesays.com\/fr\/wp-json\/wp\/v2\/categories?post=312598"},{"taxonomy":"post_tag","embeddable":true,"href":"https:\/\/www.europesays.com\/fr\/wp-json\/wp\/v2\/tags?post=312598"}],"curies":[{"name":"wp","href":"https:\/\/api.w.org\/{rel}","templated":true}]}}