{"id":3126,"date":"2025-04-04T17:38:24","date_gmt":"2025-04-04T17:38:24","guid":{"rendered":"https:\/\/www.europesays.com\/fr\/3126\/"},"modified":"2025-04-04T17:38:24","modified_gmt":"2025-04-04T17:38:24","slug":"le-traumatisme-de-lequipe-visma-lease-a-bike","status":"publish","type":"post","link":"https:\/\/www.europesays.com\/fr\/3126\/","title":{"rendered":"Le traumatisme de l&rsquo;\u00e9quipe Visma Lease a Bike"},"content":{"rendered":"<p>            <a href=\"https:\/\/todaycycling.com\/wp-content\/uploads\/2025\/04\/le-traumatisme-de-lequipe-visma-lease-a-bike-.jpg\" data-caption=\"La surpuissante \u00e9quipe n\u00e9erlandaise a connu un nouvel \u00e9chec cuisant ce mercredi, celui de trop ? Cr\u00e9dit photo : @Sprint Cycling \/ Visma Lease a Bike\" target=\"_blank\" rel=\"noopener\"><img decoding=\"async\" fetchpriority=\"high\" width=\"696\" height=\"564\" class=\"entry-thumb td-modal-image\" src=\"https:\/\/www.europesays.com\/fr\/wp-content\/uploads\/2025\/04\/le-traumatisme-de-lequipe-visma-lease-a-bike--696x564.jpg\"   alt=\"Le traumatisme de l'\u00e9quipe Visma Lease a Bike\" title=\"\"\/><\/a>La surpuissante \u00e9quipe n\u00e9erlandaise a connu un nouvel \u00e9chec cuisant ce mercredi, celui de trop ? Cr\u00e9dit photo : @Sprint Cycling \/ Visma Lease a Bike<\/p>\n<p>On parlait depuis quelques temps des \u00e9checs et d\u00e9ceptions de <strong>Wout Van Aert<\/strong> cette ann\u00e9e, la <a href=\"https:\/\/todaycycling.com\/neilson-powless-surprend-le-triple-visma-lease-a-bike-sur-a-a-travers-la-flandre-2025\/\" target=\"_blank\" rel=\"noreferrer noopener\">nouvelle d\u00e9sillusion de ce mercredi 2 avril sur A travers la Flandre<\/a> n\u2019arrange rien mais le mal semble plus profond dans l\u2019\u00e9quipe <a href=\"https:\/\/todaycycling.com\/team-visma-lease-a-bike-2025-equipe-cycliste\/\" target=\"_blank\" rel=\"noreferrer noopener\">Team Visma | Lease a Bike<\/a>. Apr\u00e8s cette nouvelle d\u00e9convenue, difficile de voir l\u2019\u00e9quipe de <strong>Matteo Jorgenson<\/strong> jouer les premiers r\u00f4les sur le Tour des Flandres et Paris Roubaix.<\/p>\n<p><strong>Commenter l\u2019actualit\u00e9<\/strong>\u00a0en direct et suivre la saison cycliste 2025 avec notre communaut\u00e9 :\u00a0<a href=\"https:\/\/www.facebook.com\/todaycycling\" target=\"_blank\" rel=\"noreferrer noopener\">Cliquer ici<\/a><\/p>\n<p>Ils n\u2019y arrivent pas, ils n\u2019y arrivent plus, les jaunes et noirs, anciennes terreurs du peloton ne font plus peur \u00e0 personne, sur les courses d\u2019un jour en tout cas, et sont m\u00eame \u00e0 deux doigts de faire rire apr\u00e8s des arriv\u00e9es comme celle d\u2019A travers la Flandre 2025. <\/p>\n<p>La comparaison avec UAE Team Emirates XRG : <\/p>\n<p>Les deux plus grandes \u00e9quipes du peloton s\u2019affrontent depuis plusieurs ann\u00e9es sur les Grands Tours mais \u00e9galement sur les classiques et jusqu\u2019\u00e0 cette ann\u00e9e 2025, la balance \u00e9tait plutot \u00e9quilibr\u00e9e mais depuis le d\u00e9but de saison, d\u2019\u00e9quilibre, il n\u2019y a plus. Avec 23 victoires pour l\u2019\u00e9quipe \u00e9miratie contre 12 pour l\u2019\u00e9quipe n\u00e9erlandaise, l\u2019\u00e9cart se creuse et ce n\u2019est pas la performance de ce mercredi 2 avril qui r\u00e9duit ce foss\u00e9. Alors oui Jorgenson a gagn\u00e9 Paris Nice mais hormis ce fait de gloire notable, c\u2019est la soupe \u00e0 la grimace chez les jaune et noir.<\/p>\n<p>La rivalit\u00e9 Van Aert \u2013 Van der Poel aux oubliettes :<\/p>\n<p>Un des grands feuilletons du printemps ces derni\u00e8res saisons \u00e9tait la lutte acharn\u00e9e entre Mathieu Van der Poel (<a href=\"https:\/\/todaycycling.com\/alpecin-deceuninck-2025-equipe-cycliste-worldtour\/\" target=\"_blank\" rel=\"noreferrer noopener\">Alpecin \u2013 Deceuninck<\/a>) et Wout Van Aert mais au fil des monuments et de leurs affrontements, cette rivalit\u00e9 n\u2019offre plus le spectacle esp\u00e9r\u00e9 ni le moindre suspense.  Que ce soit en cyclo cross ou sur les classiques, le belge n\u2019oppose plus de r\u00e9sistance cr\u00e9dible \u00e0 son rival de toujours et leur rivalit\u00e9 est donc au point mort, tout comme les espoirs de Van Aert de remporter un 2\u00e8me monument cette ann\u00e9e. <\/p>\n<p>Lire aussi : <a href=\"https:\/\/todaycycling.com\/mathieu-van-der-poel-wout-van-aert-le-duel-appartient-il-au-passe\/\" target=\"_blank\" rel=\"noreferrer noopener\">la rivalit\u00e9 Van der Poel \u2013 Van Aert appartient-elle au pass\u00e9 ?<\/a><\/p>\n<p>A travers la Flandre, la cerise sur le gateau : <\/p>\n<p>Double tenante du titre sur A travers la Flandre, l\u2019\u00e9quipe Visma Lease a Bike semblait parfaitement partie pour conserver son bien apr\u00e8s une attaque collective \u00e0 70km de l\u2019arriv\u00e9e. En sup\u00e9riorit\u00e9 num\u00e9rique \u00e0 l\u2019avant avec<strong> Tiesj Benoot<\/strong>, <strong>Matteo Jorgenson<\/strong> et <strong>Wout Van Aert<\/strong> r\u00e9unis face \u00e0 un seul coureur de l\u2019\u00e9quipe EF Education Easypost, la messe semblait dite et pourtant \u2026 Ni les commentateurs TV, ni les sp\u00e9cialistes, ni les coureurs eux m\u00eames ne pensaient revoir le sc\u00e9nario de l\u2019Omloop Het Nieuwsblad 2015 o\u00f9 un coureur du Team Sky avait domin\u00e9 3 coureurs de Quick Step et bien l\u2019histoire s\u2019est r\u00e9p\u00e9t\u00e9e, au pire moment pour Wout Van Aert. Emmen\u00e9 au sprint par ses deux co\u00e9quipiers, le sprinteur belge \u00e9tait donn\u00e9 largement favori mais a \u00e9t\u00e9 vaincu par un grand <strong>Neilson Powless<\/strong> et a surtout d\u00e9\u00e7u une fois de plus cette saison. Mais plus que le malaise du belge, la faute est collective, \u00e0 aucun moment les coureurs en surnombre n\u2019ont tent\u00e9 de se d\u00e9barrasser de leur seul adversaire, ni attaque, ni strat\u00e9gie, tout miser sur le sprint d\u2019un coureur loin de son pic de forme \u00e9tait \u00e0 tout le moins risqu\u00e9 et m\u00eame proche de la faute professionnelle. <\/p>\n<p>Une chose est sure, cette nouvelle d\u00e9convenue restera comme un traumatisme pour ces trois coureurs. <\/p>\n<p>Lire aussi : <a href=\"https:\/\/todaycycling.com\/a-travers-la-flandre-2025-classement-complet\/\" target=\"_blank\" rel=\"noreferrer noopener\">le classement d\u2019A travers la Flandre 2025<\/a><\/p>\n<p>Et la suite alors ? Verra-t-on Van Aert ou Jorgenson se ressaisir sur le Tour des Flandres ? Sur Paris Roubaix ? Sur les ardennaises ? Difficile de le penser mais peut \u00eatre faut-il l\u2019esp\u00e9rer pour la beaut\u00e9 du sport et pour le suspense. Et oui il y a tout de m\u00eame des lueurs d\u2019espoir pour Visma Lease a Bike dans ce printemps comme le brillant jeune Matthew Brennan, mais de l\u00e0 \u00e0 faire oublier les \u00e9checs .. pas sur.<\/p>\n<p><strong>Lire aussi<\/strong>\u00a0: Ne rien manquer de\u00a0<a href=\"https:\/\/todaycycling.com\/actualite-cycliste\/\" target=\"_blank\" rel=\"noopener\">l\u2019actualit\u00e9 du cyclisme<\/a><\/p>\n","protected":false},"excerpt":{"rendered":"La surpuissante \u00e9quipe n\u00e9erlandaise a connu un nouvel \u00e9chec cuisant ce mercredi, celui de trop ? Cr\u00e9dit photo&hellip;\n","protected":false},"author":2,"featured_media":3127,"comment_status":"","ping_status":"","sticky":false,"template":"","format":"standard","meta":{"footnotes":""},"categories":[1411],"tags":[17,328,1711,1020,1154,207,1011,27,60,2256],"class_list":{"0":"post-3126","1":"post","2":"type-post","3":"status-publish","4":"format-standard","5":"has-post-thumbnail","7":"category-cyclisme","8":"tag-17","9":"tag-a-la-une","10":"tag-a-travers-la-flandre","11":"tag-analyse","12":"tag-cycling","13":"tag-cyclisme","14":"tag-fr","15":"tag-france","16":"tag-sports","17":"tag-team-visma-lease-a-bike"},"share_on_mastodon":{"url":"https:\/\/pubeurope.com\/@fr\/114280916829475531","error":""},"_links":{"self":[{"href":"https:\/\/www.europesays.com\/fr\/wp-json\/wp\/v2\/posts\/3126","targetHints":{"allow":["GET"]}}],"collection":[{"href":"https:\/\/www.europesays.com\/fr\/wp-json\/wp\/v2\/posts"}],"about":[{"href":"https:\/\/www.europesays.com\/fr\/wp-json\/wp\/v2\/types\/post"}],"author":[{"embeddable":true,"href":"https:\/\/www.europesays.com\/fr\/wp-json\/wp\/v2\/users\/2"}],"replies":[{"embeddable":true,"href":"https:\/\/www.europesays.com\/fr\/wp-json\/wp\/v2\/comments?post=3126"}],"version-history":[{"count":0,"href":"https:\/\/www.europesays.com\/fr\/wp-json\/wp\/v2\/posts\/3126\/revisions"}],"wp:featuredmedia":[{"embeddable":true,"href":"https:\/\/www.europesays.com\/fr\/wp-json\/wp\/v2\/media\/3127"}],"wp:attachment":[{"href":"https:\/\/www.europesays.com\/fr\/wp-json\/wp\/v2\/media?parent=3126"}],"wp:term":[{"taxonomy":"category","embeddable":true,"href":"https:\/\/www.europesays.com\/fr\/wp-json\/wp\/v2\/categories?post=3126"},{"taxonomy":"post_tag","embeddable":true,"href":"https:\/\/www.europesays.com\/fr\/wp-json\/wp\/v2\/tags?post=3126"}],"curies":[{"name":"wp","href":"https:\/\/api.w.org\/{rel}","templated":true}]}}