{"id":31260,"date":"2025-04-17T08:43:23","date_gmt":"2025-04-17T08:43:23","guid":{"rendered":"https:\/\/www.europesays.com\/fr\/31260\/"},"modified":"2025-04-17T08:43:23","modified_gmt":"2025-04-17T08:43:23","slug":"la-chasse-aux-oeuvres-a-quoi-correspond-cette-image-prise-a-nancy-2","status":"publish","type":"post","link":"https:\/\/www.europesays.com\/fr\/31260\/","title":{"rendered":"La Chasse aux \u0153uvres. \u00c0 quoi correspond cette image prise \u00e0 Nancy ?"},"content":{"rendered":"<p>  A quoi correspond cette image prise \u00e0 Nancy\u00a0?<\/p>\n<p><strong>Un indice\u00a0:<\/strong> un b\u00e2timent occup\u00e9<\/p>\n<p>Retrouvez la r\u00e9ponse sur notre site d\u00e8s demain matin, 7h, et d\u00e9couvrez une nouvelle photo \u00e0 d\u00e9crypter.<\/p>\n<p>\n  R\u00e9ponse du mardi 15 avril\n<\/p>\n<p>Contrairement \u00e0 ce que son nom indique <a href=\"https:\/\/www.estrepublicain.fr\/education\/2022\/04\/16\/savez-vous-pourquoi-on-trouvait-un-petit-lycee-a-nancy\" target=\"_blank\" rel=\"nofollow noopener\">il ne s\u2019agit pas vraiment d\u2019un \u00ab\u00a0lyc\u00e9e\u00a0\u00bb<\/a>.<\/p>\n<p>Cette inscription est visible sur une des fa\u00e7ades du lyc\u00e9e Poincar\u00e9, c\u00f4t\u00e9 rue Blondlot, au-dessus d\u2019une porte.<\/p>\n<p>Au XIXe et XXe si\u00e8cles, \u00ab\u00a0petit lyc\u00e9e\u00a0\u00bb d\u00e9signe des \u00e9coles primaires (du CP au CM2), au sein des lyc\u00e9es et r\u00e9serv\u00e9e \u00e0 des classes ais\u00e9es.<\/p>\n<p>Cette inscription fait donc r\u00e9f\u00e9rence \u00e0 l\u2019\u00e9cole primaire qui se trouvait au sein du lyc\u00e9e Henri-Poincar\u00e9, construit au d\u00e9but du XXe si\u00e8cle lorsque la rue Blondlot fut trac\u00e9.<\/p>\n<p>Ce \u00ab\u00a0petit lyc\u00e9e\u00a0\u00bb n\u2019\u00e9tait pas gratuit, malgr\u00e9 l\u2019instauration de la gratuit\u00e9 de l\u2019enseignement par Jules Ferry en 1881 : les classes \u00e9l\u00e9mentaires des lyc\u00e9es n\u2019\u00e9taient pas concern\u00e9es<\/p>\n<p>Malgr\u00e9 plusieurs tentatives de r\u00e9formes, il faudra attendre les ann\u00e9es 1960 pour que les petits lyc\u00e9es ferment, en raison de l&rsquo;afflux d&rsquo;\u00e9l\u00e8ves dans le second cycle et les classes pr\u00e9paratoires aux grandes \u00e9coles.<\/p>\n","protected":false},"excerpt":{"rendered":"A quoi correspond cette image prise \u00e0 Nancy\u00a0? Un indice\u00a0: un b\u00e2timent occup\u00e9 Retrouvez la r\u00e9ponse sur notre&hellip;\n","protected":false},"author":2,"featured_media":31261,"comment_status":"","ping_status":"","sticky":false,"template":"","format":"standard","meta":{"footnotes":""},"categories":[9635],"tags":[1111,11,1687,1707,1704,1706,1705,1777,674,1011,27,775,1702,12,2661,25,104],"class_list":{"0":"post-31260","1":"post","2":"type-post","3":"status-publish","4":"format-standard","5":"has-post-thumbnail","7":"category-nancy","8":"tag-actu","9":"tag-actualites","10":"tag-culture-loisirs","11":"tag-edition-luneville","12":"tag-edition-nancy-et-agglomeration","13":"tag-edition-pont-a-mousson","14":"tag-edition-toul","15":"tag-eu","16":"tag-europe","17":"tag-fr","18":"tag-france","19":"tag-grand-est","20":"tag-nancy","21":"tag-news","22":"tag-patrimoine-culturel","23":"tag-republique-francaise","24":"tag-societe"},"share_on_mastodon":{"url":"https:\/\/pubeurope.com\/@fr\/114352423102511834","error":""},"_links":{"self":[{"href":"https:\/\/www.europesays.com\/fr\/wp-json\/wp\/v2\/posts\/31260","targetHints":{"allow":["GET"]}}],"collection":[{"href":"https:\/\/www.europesays.com\/fr\/wp-json\/wp\/v2\/posts"}],"about":[{"href":"https:\/\/www.europesays.com\/fr\/wp-json\/wp\/v2\/types\/post"}],"author":[{"embeddable":true,"href":"https:\/\/www.europesays.com\/fr\/wp-json\/wp\/v2\/users\/2"}],"replies":[{"embeddable":true,"href":"https:\/\/www.europesays.com\/fr\/wp-json\/wp\/v2\/comments?post=31260"}],"version-history":[{"count":0,"href":"https:\/\/www.europesays.com\/fr\/wp-json\/wp\/v2\/posts\/31260\/revisions"}],"wp:featuredmedia":[{"embeddable":true,"href":"https:\/\/www.europesays.com\/fr\/wp-json\/wp\/v2\/media\/31261"}],"wp:attachment":[{"href":"https:\/\/www.europesays.com\/fr\/wp-json\/wp\/v2\/media?parent=31260"}],"wp:term":[{"taxonomy":"category","embeddable":true,"href":"https:\/\/www.europesays.com\/fr\/wp-json\/wp\/v2\/categories?post=31260"},{"taxonomy":"post_tag","embeddable":true,"href":"https:\/\/www.europesays.com\/fr\/wp-json\/wp\/v2\/tags?post=31260"}],"curies":[{"name":"wp","href":"https:\/\/api.w.org\/{rel}","templated":true}]}}