{"id":312600,"date":"2025-08-11T22:42:18","date_gmt":"2025-08-11T22:42:18","guid":{"rendered":"https:\/\/www.europesays.com\/fr\/312600\/"},"modified":"2025-08-11T22:42:18","modified_gmt":"2025-08-11T22:42:18","slug":"deux-automobilistes-interpelles-dans-le-14e-a-marseille-avec-16-000-euros-et-2-armes-de-poing-dans-la-voiture","status":"publish","type":"post","link":"https:\/\/www.europesays.com\/fr\/312600\/","title":{"rendered":"Deux automobilistes interpell\u00e9s dans le 14e \u00e0 Marseille avec 16 000 euros et 2 armes de poing dans la voiture"},"content":{"rendered":"<p>Requis dans le 14e arrondissement de Marseille dimanche soir pour des coups de feu dont ils n\u2019ont pas trouv\u00e9 trace, les policiers sont en revanche tomb\u00e9s sur deux automobilistes qui transportaient un \u00e9difiant butin.<\/p>\n<p>Il \u00e9tait minuit dimanche soir 10\u00a0ao\u00fbt, lorsqu\u2019une patrouille de police, alert\u00e9e que des coups de feu venaient de retentir dans le quartier du Merlan, a pr\u00e9cipitamment quitt\u00e9 les locaux du commissariat de l\u2019<a href=\"https:\/\/www.laprovence.com\/article\/faits-divers-justice\/9163844155936415\/marseille-en-voulant-fuir-la-police-le-chauffard-se-rend-au-commissariat\" target=\"_blank\" rel=\"nofollow noopener\">avenue Raimu<\/a>, \u00e0 la recherche d\u2019\u00e9ventuelles victimes et de potentiels auteurs.<\/p>\n<p>S\u2019ils n\u2019ont pas trouv\u00e9 trace de quelconques tirs, l\u2019attention des fonctionnaires a vite \u00e9t\u00e9 retenue par un v\u00e9hicule suspect avec deux individus \u00e0 son bord. De quoi susciter un contr\u00f4le en r\u00e8gle apr\u00e8s la curieuse alerte r\u00e9ceptionn\u00e9e quelques minutes plus t\u00f4t.<\/p>\n<p>Un magot, un attirail, deux gardes \u00e0 vue<\/p>\n<p>Grand bien en a pris aux policiers, puisque les deux occupants de la voiture ont \u00e9t\u00e9 d\u00e9couverts en possession de 16\u00a0000\u00a0euros en argent liquide et de 2 armes de poing. Un magot et un attirail dont les deux individus n\u2019ont pas pu justifier la provenance ni le port et qui leur ont valu d\u2019\u00eatre interpell\u00e9s.<\/p>\n<p>Respectivement \u00e2g\u00e9s de 38 et 36\u00a0ans, ils ont \u00e9t\u00e9 ramen\u00e9s dans les locaux de la <a href=\"https:\/\/www.laprovence.com\/article\/faits-divers-justice\/1307159319145514\/marseille-a-la-division-nord-des-policiers-a-l-avant-poste-dune-republique-qui-se-bat\" target=\"_blank\" rel=\"nofollow noopener\">division nord<\/a>, o\u00f9 ils ont \u00e9t\u00e9 plac\u00e9s en garde \u00e0 vue.<\/p>\n","protected":false},"excerpt":{"rendered":"Requis dans le 14e arrondissement de Marseille dimanche soir pour des coups de feu dont ils n\u2019ont pas&hellip;\n","protected":false},"author":2,"featured_media":312601,"comment_status":"","ping_status":"","sticky":false,"template":"","format":"standard","meta":{"footnotes":""},"categories":[2814],"tags":[7788,17,1111,11,4691,3396,1446,4070,1777,674,274,1011,27,9690,884,12,882,25],"class_list":{"0":"post-312600","1":"post","2":"type-post","3":"status-publish","4":"format-standard","5":"has-post-thumbnail","7":"category-marseille","8":"tag-14e","9":"tag-17","10":"tag-actu","11":"tag-actualites","12":"tag-automobilistes","13":"tag-avec","14":"tag-dans","15":"tag-deux","16":"tag-eu","17":"tag-europe","18":"tag-faits-divers-justice","19":"tag-fr","20":"tag-france","21":"tag-interpelles","22":"tag-marseille","23":"tag-news","24":"tag-provence-alpes-cote-dazur","25":"tag-republique-francaise"},"share_on_mastodon":{"url":"https:\/\/pubeurope.com\/@fr\/115012550225895051","error":""},"_links":{"self":[{"href":"https:\/\/www.europesays.com\/fr\/wp-json\/wp\/v2\/posts\/312600","targetHints":{"allow":["GET"]}}],"collection":[{"href":"https:\/\/www.europesays.com\/fr\/wp-json\/wp\/v2\/posts"}],"about":[{"href":"https:\/\/www.europesays.com\/fr\/wp-json\/wp\/v2\/types\/post"}],"author":[{"embeddable":true,"href":"https:\/\/www.europesays.com\/fr\/wp-json\/wp\/v2\/users\/2"}],"replies":[{"embeddable":true,"href":"https:\/\/www.europesays.com\/fr\/wp-json\/wp\/v2\/comments?post=312600"}],"version-history":[{"count":0,"href":"https:\/\/www.europesays.com\/fr\/wp-json\/wp\/v2\/posts\/312600\/revisions"}],"wp:featuredmedia":[{"embeddable":true,"href":"https:\/\/www.europesays.com\/fr\/wp-json\/wp\/v2\/media\/312601"}],"wp:attachment":[{"href":"https:\/\/www.europesays.com\/fr\/wp-json\/wp\/v2\/media?parent=312600"}],"wp:term":[{"taxonomy":"category","embeddable":true,"href":"https:\/\/www.europesays.com\/fr\/wp-json\/wp\/v2\/categories?post=312600"},{"taxonomy":"post_tag","embeddable":true,"href":"https:\/\/www.europesays.com\/fr\/wp-json\/wp\/v2\/tags?post=312600"}],"curies":[{"name":"wp","href":"https:\/\/api.w.org\/{rel}","templated":true}]}}