{"id":312606,"date":"2025-08-11T22:45:24","date_gmt":"2025-08-11T22:45:24","guid":{"rendered":"https:\/\/www.europesays.com\/fr\/312606\/"},"modified":"2025-08-11T22:45:24","modified_gmt":"2025-08-11T22:45:24","slug":"metropole-de-lyon-meurtre-par-balles-a-meyzieu-trois-suspects-ecroues","status":"publish","type":"post","link":"https:\/\/www.europesays.com\/fr\/312606\/","title":{"rendered":"M\u00e9tropole de Lyon. Meurtre par balles \u00e0 Meyzieu\u00a0: trois suspects \u00e9crou\u00e9s"},"content":{"rendered":"<p>Deux suspects ont \u00e9t\u00e9 mis en examen vendredi pour \u00ab\u00a0meurtre en bande organis\u00e9e\u00a0\u00bb et \u00ab\u00a0modification de sc\u00e8ne de crime\u00a0\u00bb et un troisi\u00e8me a \u00e9t\u00e9 mis en examen pour \u00ab\u00a0meurtre\u00a0\u00bb, a indiqu\u00e9 au Progr\u00e8s, le parquet de Lyon, une semaine apr\u00e8s la mort d\u2019un homme de 29 ans, tu\u00e9 par balles, \u00e0 Meyzieu, dans l\u2019Est lyonnais. L\u2019homicide \u00e9tait survenu vers minuit, dans la nuit du dimanche\u00a03 au lundi 4\u00a0ao\u00fbt, dans le secteur de la rue Paul-Gauguin.<\/p>\n<p>Ce contenu est bloqu\u00e9 car vous n&rsquo;avez pas accept\u00e9 les cookies et autres traceurs.<\/p>\n<p>En cliquant sur \u00ab J\u2019accepte \u00bb, les cookies et autres traceurs seront d\u00e9pos\u00e9s et vous pourrez visualiser les contenus  (<a href=\"\" class=\"consentModule_policy\" target=\"_blank\" title=\"Consulter la politique de protection des donn\u00e9es du fournisseur\">plus d&rsquo;informations<\/a>).<\/p>\n<p>En cliquant sur \u00ab J\u2019accepte tous les cookies \u00bb, vous autorisez des d\u00e9p\u00f4ts de cookies et autres traceurs pour le stockage de vos donn\u00e9es sur nos sites et applications \u00e0 des fins de personnalisation et de ciblage publicitaire.<\/p>\n<p class=\"consentModule_secondaryText\">Vous gardez la possibilit\u00e9 de retirer votre consentement \u00e0 tout moment en consultant notre <a href=\"https:\/\/www.leprogres.fr\/protection-des-donnees\" target=\"_blank\" title=\"Consulter notre politique de protection des donn\u00e9es\" rel=\"noopener\">politique de protection des donn\u00e9es<\/a>. <br \/>&#13;<br \/>\n            <a href=\"https:\/\/www.leprogres.fr\/faits-divers-justice\/2025\/08\/11\/javascript:Didomi.notice.show()\" class=\"consentModule_cmp\" target=\"_blank\" rel=\"noopener\">G\u00e9rer mes choix<\/a>&#13;\n        <\/p>\n<p>&#13;<br \/>\n                        J&rsquo;accepte&#13;<br \/>\n            J&rsquo;accepte tous les cookies&#13;\n        <\/p>\n<p>Les trois hommes, tous majeurs, avaient \u00e9t\u00e9 d\u00e9f\u00e9r\u00e9s vendredi matin devant un magistrat, au terme de leurs gardes \u00e0 vue. Une information judiciaire a \u00e9t\u00e9 ouverte le m\u00eame jour. Le trio a \u00e9t\u00e9 plac\u00e9 en d\u00e9tention provisoire, comme requis par le parquet.<\/p>\n<p>  \u00ab\u00a0R\u00e9solution rapide\u00a0\u00bb<\/p>\n<p>Selon nos informations, l\u2019un des mis en cause, un <a href=\"https:\/\/www.leprogres.fr\/faits-divers-justice\/2025\/08\/08\/meurtre-par-balles-a-meyzieu-quatre-suspects-deferes-devant-un-juge-une-information-judiciaire-ouverte\" target=\"_blank\" rel=\"noopener\">jeune homme originaire de Grenoble<\/a>, est suspect\u00e9 d\u2019\u00eatre l\u2019auteur direct des coups de feu, tandis que les deux autres sont poursuivis pour meurtre, au titre de la complicit\u00e9.<\/p>\n<p>Un quatri\u00e8me individu, soup\u00e7onn\u00e9 d\u2019une d\u00e9tention d\u00e9lictuelle de stup\u00e9fiants, dont la quantit\u00e9 n\u2019aurait pas \u00e9t\u00e9 \u00e0 ce stade \u00e9tablie, a \u00e9t\u00e9 remis en libert\u00e9 au terme de sa garde \u00e0 vue et plac\u00e9 sous contr\u00f4le judiciaire.\u00a0<a href=\"https:\/\/www.leprogres.fr\/faits-divers-justice\/2025\/08\/04\/il-est-tombe-la-a-quelques-metres-de-ma-maison-a-meyzieu-des-habitants-reveilles-par-un-homicide\" target=\"_blank\" rel=\"noopener\">L\u2019homicide<\/a> s\u2019est produit sur fond de tensions li\u00e9es \u00e0 de la drogue, selon une source proche du dossier. L\u2019enqu\u00eate va devoir \u00e9claircir le mobile.<\/p>\n<p>Ces quatre \u00ab\u00a0gardes \u00e0 vue, sous le contr\u00f4le du parquet, se sont \u00e9chelonn\u00e9es [au cours de] la semaine\u00a0\u00bb derni\u00e8re, d\u00e9bouchant sur une \u00ab\u00a0r\u00e9solution rapide\u00a0\u00bb de l\u2019affaire par des \u00ab\u00a0services de police sp\u00e9cialis\u00e9s\u00a0\u00bb, a soulign\u00e9 le parquet de Lyon.<\/p>\n","protected":false},"excerpt":{"rendered":"Deux suspects ont \u00e9t\u00e9 mis en examen vendredi pour \u00ab\u00a0meurtre en bande organis\u00e9e\u00a0\u00bb et \u00ab\u00a0modification de sc\u00e8ne de&hellip;\n","protected":false},"author":2,"featured_media":312607,"comment_status":"","ping_status":"","sticky":false,"template":"","format":"standard","meta":{"footnotes":""},"categories":[1889],"tags":[1111,11,2430,271,272,3152,1777,674,274,107,1011,27,2428,12497,12,18283,25,2429],"class_list":{"0":"post-312606","1":"post","2":"type-post","3":"status-publish","4":"format-standard","5":"has-post-thumbnail","7":"category-lyon","8":"tag-actu","9":"tag-actualites","10":"tag-auvergne-rhone-alpes","11":"tag-crime","12":"tag-delit-et-contravention","13":"tag-edition-est-lyonnais","14":"tag-eu","15":"tag-europe","16":"tag-faits-divers-justice","17":"tag-fil-info","18":"tag-fr","19":"tag-france","20":"tag-lyon","21":"tag-meyzieu","22":"tag-news","23":"tag-plaine-de-lest","24":"tag-republique-francaise","25":"tag-rhone"},"share_on_mastodon":{"url":"https:\/\/pubeurope.com\/@fr\/115012562017671169","error":""},"_links":{"self":[{"href":"https:\/\/www.europesays.com\/fr\/wp-json\/wp\/v2\/posts\/312606","targetHints":{"allow":["GET"]}}],"collection":[{"href":"https:\/\/www.europesays.com\/fr\/wp-json\/wp\/v2\/posts"}],"about":[{"href":"https:\/\/www.europesays.com\/fr\/wp-json\/wp\/v2\/types\/post"}],"author":[{"embeddable":true,"href":"https:\/\/www.europesays.com\/fr\/wp-json\/wp\/v2\/users\/2"}],"replies":[{"embeddable":true,"href":"https:\/\/www.europesays.com\/fr\/wp-json\/wp\/v2\/comments?post=312606"}],"version-history":[{"count":0,"href":"https:\/\/www.europesays.com\/fr\/wp-json\/wp\/v2\/posts\/312606\/revisions"}],"wp:featuredmedia":[{"embeddable":true,"href":"https:\/\/www.europesays.com\/fr\/wp-json\/wp\/v2\/media\/312607"}],"wp:attachment":[{"href":"https:\/\/www.europesays.com\/fr\/wp-json\/wp\/v2\/media?parent=312606"}],"wp:term":[{"taxonomy":"category","embeddable":true,"href":"https:\/\/www.europesays.com\/fr\/wp-json\/wp\/v2\/categories?post=312606"},{"taxonomy":"post_tag","embeddable":true,"href":"https:\/\/www.europesays.com\/fr\/wp-json\/wp\/v2\/tags?post=312606"}],"curies":[{"name":"wp","href":"https:\/\/api.w.org\/{rel}","templated":true}]}}