{"id":312610,"date":"2025-08-11T22:48:13","date_gmt":"2025-08-11T22:48:13","guid":{"rendered":"https:\/\/www.europesays.com\/fr\/312610\/"},"modified":"2025-08-11T22:48:13","modified_gmt":"2025-08-11T22:48:13","slug":"six-journalistes-tues-par-tsahal-reporters-sans-frontieres-denonce-un-assassinat-revendique","status":"publish","type":"post","link":"https:\/\/www.europesays.com\/fr\/312610\/","title":{"rendered":"six journalistes tu\u00e9s par Tsahal, Reporters sans fronti\u00e8res d\u00e9nonce un \u00ab\u00a0assassinat revendiqu\u00e9\u00a0\u00bb"},"content":{"rendered":"<p>            lire plus tard<\/p>\n<p id=\"dialog__title\" class=\"dialog__title\">Pour sauvegarder cet article, connectez-vous ou cr\u00e9ez un compte franceinfo<\/p>\n<p class=\"dialog__description\">Sans paiement. Sans abonnement.<\/p>\n<p>        Fermer la fen\u00eatre d\u2019activation des notifications France Info<\/p>\n<p>            cr\u00e9er votre compte<\/p>\n<p>            se connecter<\/p>\n<p>        Fermer la fen\u00eatre de pr\u00e9sentation<\/p>\n<p>    Publi\u00e9 le 11\/08\/2025 21:39<\/p>\n<p>      Mis \u00e0 jour le 11\/08\/2025 22:23<\/p>\n<p>        Temps de lecture : 2min &#8211; vid\u00e9o : 2min<\/p>\n<p>    <img decoding=\"async\" class=\"francetv-player-wrapper__image\" alt=\"Guerre \u00e0 Gaza : soup\u00e7onn\u00e9s par Isra\u00ebl d\u2019\u00eatre des terroristes, cinq journalistes ont \u00e9t\u00e9 tu\u00e9s\"  width=\"432\" height=\"243\" src=\"https:\/\/www.europesays.com\/fr\/wp-content\/uploads\/2025\/08\/video-31-689a45e557670956269051.jpg\" fetchpriority=\"high\"\/><\/p>\n<p>              Guerre \u00e0 Gaza : soup\u00e7onn\u00e9s par Isra\u00ebl d\u2019\u00eatre des terroristes, cinq journalistes ont \u00e9t\u00e9 tu\u00e9s<br \/>\n                    (France 2)<\/p>\n<p>      2min<\/p>\n<p class=\"c-chapo \">\n  Au Proche-Orient, alors que le gouvernement isra\u00e9lien a annonc\u00e9 vouloir prendre le contr\u00f4le total de la bande de Gaza, les bombardements s&rsquo;intensifient. Ils ont vis\u00e9 dimanche 10 ao\u00fbt une tente qui abritait des journalistes de la cha\u00eene de t\u00e9l\u00e9vision du Qatar, Al-Jazeera. Six journalistes palestiniens ont \u00e9t\u00e9 tu\u00e9s.\n<\/p>\n<p><strong>Ce texte correspond \u00e0 une partie de la retranscription du reportage ci-dessus. Cliquez sur la vid\u00e9o pour le regarder en int\u00e9gralit\u00e9.<\/strong><\/p>\n<p>Dans la nuit, un journaliste filme une vid\u00e9o et peine encore \u00e0 y croire. L&rsquo;arm\u00e9e isra\u00e9lienne vient de frapper une tente accol\u00e9e \u00e0 l&rsquo;h\u00f4pital Al-Shifa \u00e0 <a rel=\"noopener noreferrer nofollow\" href=\"https:\/\/www.franceinfo.fr\/monde\/proche-orient\/israel-palestine\/guerre-a-gaza-cinq-journalistes-d-al-jazeera-tues-dans-une-frappe-israelienne_7430044.html\" target=\"_blank\">Gaza<\/a>. \u00c0 l&rsquo;int\u00e9rieur se trouvait une \u00e9quipe de journalistes palestiniens. Pench\u00e9 sur le corps de son coll\u00e8gue, un homme est d\u00e9sesp\u00e9r\u00e9.<\/p>\n<p>Six journalistes ont \u00e9t\u00e9 tu\u00e9s. Ils travaillaient pour la cha\u00eene qatarie Al-Jazeera. Parmi eux se trouvait Anas Al-Sharif, 28 ans, un visage bien connu des t\u00e9l\u00e9spectateurs de la cha\u00eene. Il \u00e9tait aussi p\u00e8re de deux enfants. Dimanche 10 ao\u00fbt, juste avant la frappe, il postait une vid\u00e9o sur les r\u00e9seaux sociaux. \u00ab\u00a0Bombardement incessant. Depuis deux heures, l&rsquo;attaque isra\u00e9lienne s&rsquo;intensifie sur la ville de Gaza\u00a0\u00bb, \u00e9crivait-il alors.<\/p>\n<p>L&rsquo;arm\u00e9e isra\u00e9lienne confirme lundi 11 ao\u00fbt l&rsquo;avoir cibl\u00e9. Selon elle, il \u00e9tait un terroriste qui se faisait passer pour un journaliste. \u00ab\u00a0Anas Al-Sharif \u00e9tait un membre de la branche arm\u00e9e du Hamas. Il avait un num\u00e9ro d&rsquo;immatriculation 305-342\u00a0\u00bb, explique Olivier Rafowicz, porte-parole de l\u2019arm\u00e9e isra\u00e9lienne.<\/p>\n<p>L&rsquo;arm\u00e9e en veut pour preuve des listes qu&rsquo;elle a \u00e9dit\u00e9es \u00e0 partir, dit-elle, de documents administratifs du Hamas, o\u00f9 appara\u00eet le nom d&rsquo;Anas Al-Sharif. Elle montre aussi des photos du journaliste, prises lors d&rsquo;une conf\u00e9rence de presse avec Yahya Al-Sinwar, ancien chef de la branche arm\u00e9e du Hamas. Quant aux <a target=\"_blank\" rel=\"noopener nofollow\" href=\"https:\/\/www.franceinfo.fr\/monde\/israel\/guerre-a-gaza-la-chaine-al-jazeera-annonce-la-mort-de-cinq-de-ses-journalistes-dans-une-frappe-israelienne_7429603.html\">cinq autres journalistes<\/a> : \u00ab\u00a0Tous sont affili\u00e9s au Hamas\u00a0\u00bb, assure le porte-parole de l\u2019arm\u00e9e isra\u00e9lienne. \u00ab\u00a0Cette frappe est une frappe pr\u00e9cise contre le Hamas\u00a0\u00bb, mart\u00e8le-t-il.<\/p>\n<p>L&rsquo;ONG Reporters sans fronti\u00e8res d\u00e9nonce un assassinat revendiqu\u00e9 pour \u00e9liminer les journalistes qui d\u00e9rangent. Depuis le d\u00e9but de la guerre, plus de 200 journalistes ont \u00e9t\u00e9 tu\u00e9s \u00e0 Gaza. La presse internationale n&rsquo;est, elle, toujours pas autoris\u00e9e \u00e0 y entrer.<\/p>\n<p class=\"related-tags__title\" role=\"heading\" aria-level=\"2\">les mots-cl\u00e9s associ\u00e9s \u00e0 cet article\n    <\/p>\n","protected":false},"excerpt":{"rendered":"lire plus tard Pour sauvegarder cet article, connectez-vous ou cr\u00e9ez un compte franceinfo Sans paiement. Sans abonnement. Fermer&hellip;\n","protected":false},"author":2,"featured_media":312611,"comment_status":"","ping_status":"","sticky":false,"template":"","format":"standard","meta":{"footnotes":""},"categories":[1888],"tags":[1111,1928,11,1927,1777,674,1011,27,12,1926,626,1925,25],"class_list":{"0":"post-312610","1":"post","2":"type-post","3":"status-publish","4":"format-standard","5":"has-post-thumbnail","7":"category-paris","8":"tag-actu","9":"tag-actu-paris","10":"tag-actualites","11":"tag-actualites-paris","12":"tag-eu","13":"tag-europe","14":"tag-fr","15":"tag-france","16":"tag-news","17":"tag-news-paris","18":"tag-paris","19":"tag-paris-news","20":"tag-republique-francaise"},"share_on_mastodon":{"url":"https:\/\/pubeurope.com\/@fr\/115012573849649223","error":""},"_links":{"self":[{"href":"https:\/\/www.europesays.com\/fr\/wp-json\/wp\/v2\/posts\/312610","targetHints":{"allow":["GET"]}}],"collection":[{"href":"https:\/\/www.europesays.com\/fr\/wp-json\/wp\/v2\/posts"}],"about":[{"href":"https:\/\/www.europesays.com\/fr\/wp-json\/wp\/v2\/types\/post"}],"author":[{"embeddable":true,"href":"https:\/\/www.europesays.com\/fr\/wp-json\/wp\/v2\/users\/2"}],"replies":[{"embeddable":true,"href":"https:\/\/www.europesays.com\/fr\/wp-json\/wp\/v2\/comments?post=312610"}],"version-history":[{"count":0,"href":"https:\/\/www.europesays.com\/fr\/wp-json\/wp\/v2\/posts\/312610\/revisions"}],"wp:featuredmedia":[{"embeddable":true,"href":"https:\/\/www.europesays.com\/fr\/wp-json\/wp\/v2\/media\/312611"}],"wp:attachment":[{"href":"https:\/\/www.europesays.com\/fr\/wp-json\/wp\/v2\/media?parent=312610"}],"wp:term":[{"taxonomy":"category","embeddable":true,"href":"https:\/\/www.europesays.com\/fr\/wp-json\/wp\/v2\/categories?post=312610"},{"taxonomy":"post_tag","embeddable":true,"href":"https:\/\/www.europesays.com\/fr\/wp-json\/wp\/v2\/tags?post=312610"}],"curies":[{"name":"wp","href":"https:\/\/api.w.org\/{rel}","templated":true}]}}