{"id":312612,"date":"2025-08-11T22:49:18","date_gmt":"2025-08-11T22:49:18","guid":{"rendered":"https:\/\/www.europesays.com\/fr\/312612\/"},"modified":"2025-08-11T22:49:18","modified_gmt":"2025-08-11T22:49:18","slug":"a-washington-trump-eloigne-les-sans-abri-a-paris-macron-vit-sous-leur-loi","status":"publish","type":"post","link":"https:\/\/www.europesays.com\/fr\/312612\/","title":{"rendered":"\u00c0 Washington, Trump \u00e9loigne les sans-abri. \u00c0 Paris, Macron vit sous leur loi\u2026"},"content":{"rendered":"<p>Il y a environ 5.600 sans-abri \u00e0 Washington, selon le minist\u00e8re du Logement am\u00e9ricain, ce qui en fait la 15e ville qui compte le plus de personnes dormant dans la rue. Seulement, Washington est la capitale f\u00e9d\u00e9rale des Etats-Unis et Donald Trump a bien l\u2019intention de lui rendre un peu de lustre en cachant loin de la ville cette mis\u00e8re qu\u2019il ne saurait voir. Dimanche 10 ao\u00fbt, sur son r\u00e9seau Truth Social, il a annonc\u00e9, pour ce lundi, une grande conf\u00e9rence de presse sur le sujet, \u00e0 grand renfort de phrases chocs : \u00ab Les sans-abri doivent partir, imm\u00e9diatement. Nous vous donnerons des endroits o\u00f9 dormir, mais loin de la capitale. \u00bb Quant aux criminels qui pullulent dans la ville, le message qui leur est adress\u00e9 est encore plus clair : \u00ab Vous, vous n&rsquo;avez pas besoin de partir. Nous allons vous mettre en prison, l\u00e0 o\u00f9 vous devriez vous trouver. \u00bb<\/p>\n<p>Washington \u00ab plus violente que Bagdad \u00bb<\/p>\n<p>Washington, D.C. est historiquement une ville en proie \u00e0 la criminalit\u00e9, au point que Donald Trump a menac\u00e9 plusieurs fois de replacer la capitale sous la tutelle de l\u2019administration f\u00e9d\u00e9rale. Muriel Bowser, maire d\u00e9mocrate de la ville, qui est un peu l\u2019Anne Hidalgo des Am\u00e9ricains (si on veut), a donn\u00e9 quelques gages de bonne volont\u00e9 (en effa\u00e7ant, par exemple, une fresque aux couleurs du mouvement Black Lives Matter) et a diffus\u00e9 des statistiques encourageantes sur la baisse de la criminalit\u00e9 dans sa ville. En face, toutefois, les conseillers de Trump sortent l\u2019artillerie lourde. Comme Stephen Miller, conseiller du premier cercle : il a d\u00e9clar\u00e9, jeudi dernier, que Washington \u00e9tait \u00ab plus violente que Bagdad \u00bb &#8211; ce qui est peut-\u00eatre vrai, d\u2019ailleurs. R\u00e9ponse de l\u2019\u00e9dile : \u00ab Toute comparaison avec un pays ravag\u00e9 par la guerre est exag\u00e9r\u00e9e et erron\u00e9e. \u00bb L\u2019avenir nous le dira.<\/p>\n<p>Et en France, alors, que se passe-t-il au m\u00eame moment ? Eh bien, par une sorte de terrible co\u00efncidence, qui ne tourne pas la comparaison \u00e0 notre avantage, quelque 200 migrants, principalement des femmes et des enfants, se sont install\u00e9s, mardi 5 ao\u00fbt, sur le parvis de l\u2019h\u00f4tel de ville de Paris. Il sont appuy\u00e9s par l\u2019association Utopia 56, bien connue de nos lecteurs, et r\u00e9clament, nous apprend Le Parisien, \u00ab des solutions d\u2019h\u00e9bergement \u00bb, c\u2019est-\u00e0-dire une chambre d\u2019h\u00f4tel aux frais du contribuable, la plupart du temps. \u00ab Nous sommes pr\u00eats \u00e0 rester le temps qu\u2019il faudra, tant que nous n\u2019aurons pas de solution d\u2019h\u00e9bergement \u00bb, d\u00e9clare ainsi un certain Nathan Lequeux, repr\u00e9sentant de l\u2019\u00ab assoce \u00bb \u00e0 Paris. La police, pendant ce temps-l\u00e0, est autour d\u2019eux et s\u2019assure que tout se passe bien, mais il n\u2019est \u00e9videmment pas question de les d\u00e9loger. D\u2019ailleurs, toujours le 5 ao\u00fbt, dans la soir\u00e9e, la mairie de Paris a publi\u00e9 un communiqu\u00e9 dans lequel elle met les choses au clair : \u00ab Ce soir, la ville de Paris demande la prise en charge de ces personnes par l\u2019\u00c9tat. \u00bb Donc, pas question d\u2019expulser qui que ce soit, mais il s\u2019agit de transf\u00e9rer le sort de ces ill\u00e9gaux d\u2019une ligne budg\u00e9taire \u00e0 l\u2019autre\u2026<\/p>\n<p>Deux salles, deux ambiances<\/p>\n<p>Deux salles, deux ambiances : l\u2019administration Trump, loin d\u2019\u00eatre admirable d\u2019un seul bloc, se donne quand m\u00eame les moyens de sa politique migratoire\u2026 parce qu\u2019elle en a une. De l\u2019autre c\u00f4t\u00e9 de l\u2019Atlantique, chez nous, en France, on continue \u00e0 accueillir chaque ann\u00e9e sur notre sol l\u2019\u00e9quivalent de la ville de Toulouse, pour ne parler que de l\u2019immigration l\u00e9gale, et on ne vire jamais personne. Les OQTF (obligation de quitter le territoire fran\u00e7ais) sont lettre morte, les migrants criminels (selon la r\u00e9cente d\u00e9cision du Conseil constitutionnel) ne peuvent pas \u00eatre d\u00e9tenus plus de 90 jours en CRA (centres de r\u00e9tention administrative) et le bateau France continue de couler \u00e0 un rythme constant et plut\u00f4t rapide\u2026<\/p>\n<p>                    <a href=\"#\" rel=\"nofollow\" onclick=\"window.print(); pfTrackEvent('\u00c0 Washington, Trump \u00e9loigne les sans-abri. \u00c0 Paris, Macron vit sous leur loi\u2026'); return false;\" title=\"Printer Friendly, PDF &amp; Email\"><br \/>\n                    <img decoding=\"async\" src=\"https:\/\/www.europesays.com\/fr\/wp-content\/uploads\/2025\/04\/printfriendly-icon-sm.png\" alt=\"Print Friendly, PDF &amp; Email\" class=\"pf-button-img\" style=\"width: 17px;height: 17px;\"\/>Imprimer, enregistrer en PDF cet article<br \/>\n                    <\/a><\/p>\n","protected":false},"excerpt":{"rendered":"Il y a environ 5.600 sans-abri \u00e0 Washington, selon le minist\u00e8re du Logement am\u00e9ricain, ce qui en fait&hellip;\n","protected":false},"author":2,"featured_media":312613,"comment_status":"","ping_status":"","sticky":false,"template":"","format":"standard","meta":{"footnotes":""},"categories":[1888],"tags":[1111,1928,11,1927,1777,674,1011,27,12,1926,626,1925,25],"class_list":{"0":"post-312612","1":"post","2":"type-post","3":"status-publish","4":"format-standard","5":"has-post-thumbnail","7":"category-paris","8":"tag-actu","9":"tag-actu-paris","10":"tag-actualites","11":"tag-actualites-paris","12":"tag-eu","13":"tag-europe","14":"tag-fr","15":"tag-france","16":"tag-news","17":"tag-news-paris","18":"tag-paris","19":"tag-paris-news","20":"tag-republique-francaise"},"share_on_mastodon":{"url":"https:\/\/pubeurope.com\/@fr\/115012578008186509","error":""},"_links":{"self":[{"href":"https:\/\/www.europesays.com\/fr\/wp-json\/wp\/v2\/posts\/312612","targetHints":{"allow":["GET"]}}],"collection":[{"href":"https:\/\/www.europesays.com\/fr\/wp-json\/wp\/v2\/posts"}],"about":[{"href":"https:\/\/www.europesays.com\/fr\/wp-json\/wp\/v2\/types\/post"}],"author":[{"embeddable":true,"href":"https:\/\/www.europesays.com\/fr\/wp-json\/wp\/v2\/users\/2"}],"replies":[{"embeddable":true,"href":"https:\/\/www.europesays.com\/fr\/wp-json\/wp\/v2\/comments?post=312612"}],"version-history":[{"count":0,"href":"https:\/\/www.europesays.com\/fr\/wp-json\/wp\/v2\/posts\/312612\/revisions"}],"wp:featuredmedia":[{"embeddable":true,"href":"https:\/\/www.europesays.com\/fr\/wp-json\/wp\/v2\/media\/312613"}],"wp:attachment":[{"href":"https:\/\/www.europesays.com\/fr\/wp-json\/wp\/v2\/media?parent=312612"}],"wp:term":[{"taxonomy":"category","embeddable":true,"href":"https:\/\/www.europesays.com\/fr\/wp-json\/wp\/v2\/categories?post=312612"},{"taxonomy":"post_tag","embeddable":true,"href":"https:\/\/www.europesays.com\/fr\/wp-json\/wp\/v2\/tags?post=312612"}],"curies":[{"name":"wp","href":"https:\/\/api.w.org\/{rel}","templated":true}]}}