{"id":312614,"date":"2025-08-11T22:50:11","date_gmt":"2025-08-11T22:50:11","guid":{"rendered":"https:\/\/www.europesays.com\/fr\/312614\/"},"modified":"2025-08-11T22:50:11","modified_gmt":"2025-08-11T22:50:11","slug":"pourquoi-le-ciel-nest-pas-vraiment-bleu-ces-jours-ci-en-france","status":"publish","type":"post","link":"https:\/\/www.europesays.com\/fr\/312614\/","title":{"rendered":"Pourquoi le ciel n\u2019est pas vraiment bleu ces jours-ci en France"},"content":{"rendered":"<p class=\"paragraph text_align_left lp-f-body-02\">Malgr\u00e9 <a href=\"https:\/\/www.leparisien.fr\/meteo\/canicule-des-records-de-temperature-battus-ce-lundi-dans-plusieurs-villes-de-france-11-08-2025-B76M76W7HRBCRDWTZBK2ZHKZJE.php\" target=\"_self\" rel=\"noopener\">le beau temps de ces derniers jours<\/a>, le ciel bleu de France n\u2019est pas forc\u00e9ment tr\u00e8s franc\u2026 Au coucher du soleil, le disque solaire se cache m\u00eame derri\u00e8re un voile bien visible. Guillaume S\u00e9chet, m\u00e9t\u00e9orologue, l\u2019a fait remarquer lundi avec une vid\u00e9o du ciel voil\u00e9e de la capitale.<\/p>\n<blockquote class=\"twitter-tweet\">\n<p lang=\"fr\" dir=\"ltr\">Ce soir, alors que le ciel est cens\u00e9 \u00eatre totalement d\u00e9gag\u00e9, la lumi\u00e8re rasante du coucher du soleil met en \u00e9vidence la pr\u00e9sence des <a href=\"https:\/\/twitter.com\/hashtag\/fum%C3%A9es?src=hash&amp;ref_src=twsrc%5Etfw\" target=\"_blank\" rel=\"noopener\">#fum\u00e9es<\/a> des <a href=\"https:\/\/twitter.com\/hashtag\/incendies?src=hash&amp;ref_src=twsrc%5Etfw\" target=\"_blank\" rel=\"noopener\">#incendies<\/a> canadiens qui survolent une bonne partie de la France (dont <a href=\"https:\/\/twitter.com\/hashtag\/Paris?src=hash&amp;ref_src=twsrc%5Etfw\" target=\"_blank\" rel=\"noopener\">#Paris<\/a>) &#8211; apr\u00e8s avoir travers\u00e9 le Nord de l&rsquo;Atlantique&#8230;\u2026 <a href=\"https:\/\/t.co\/cGeoOXn0rf\">pic.twitter.com\/cGeoOXn0rf<\/a><\/p>\n<p>\u2014 Guillaume S\u00e9chet (@Meteovilles) <a href=\"https:\/\/twitter.com\/Meteovilles\/status\/1954622895080325195?ref_src=twsrc%5Etfw\" target=\"_blank\" rel=\"noopener\">August 10, 2025<\/a><\/p><\/blockquote>\n<p class=\"paragraph text_align_left lp-f-body-02\">Les fum\u00e9es des incendies du Canada sont l\u2019une des raisons de ce ciel l\u00e9g\u00e8rement voil\u00e9. \u00ab C\u2019est un ph\u00e9nom\u00e8ne assez r\u00e9curent ces derni\u00e8res ann\u00e9es \u00bb en raison des \u00ab courants dominants \u00bb venus \u00ab d\u2019ouest \u00bb, note Guillaume S\u00e9chet, g\u00e9rant du site <a href=\"https:\/\/www.meteo-villes.com\/\" target=\"_self\" rel=\"noopener\">Meteo-villes.com<\/a>, interrog\u00e9 par Le Parisien ce lundi soir. Un ph\u00e9nom\u00e8ne \u00ab qu\u2019on n\u2019aper\u00e7oit pas forc\u00e9ment \u00bb, car l\u00e9ger.<\/p>\n<p class=\"paragraph text_align_left lp-f-body-02\">Plusieurs provinces du Canada sont ravag\u00e9es par les flammes et des \u00e9vacuations ont eu lieu ces derniers jours. La semaine derni\u00e8re, le pays a d\u00e9ploy\u00e9 des militaires et des membres de sa garde c\u00f4ti\u00e8re dans la province la plus \u00e0 l\u2019est du pays pour aider \u00e0 combattre les feux de for\u00eat.<\/p>\n<p class=\"paragraph text_align_left lp-f-body-02\">L\u2019incendie dans l\u2019Aude, <a href=\"https:\/\/www.leparisien.fr\/faits-divers\/incendie-dans-laude-la-mobilisation-des-pompiers-reste-tres-intense-pour-eviter-les-reprises-de-feu-11-08-2025-MDM2JZMJIVCJPLCBYLMXX2JB4Y.php\" target=\"_blank\" rel=\"noreferrer noopener\">plus grand feu que la France a connu ces cinquante derni\u00e8res ann\u00e9es<\/a>, a de son c\u00f4t\u00e9 envoy\u00e9 ses fum\u00e9es plus au Sud, dans le ciel de la M\u00e9diterran\u00e9e et au-dessus des Bal\u00e9ares.<\/p>\n<p>Le retour du sable du Sahara<\/p>\n<p class=\"paragraph text_align_left lp-f-body-02\">M\u00eame si le flux va changer ces prochaines heures, le ciel bleu ne sera pas forc\u00e9ment \u00e9clatant. Et pour cause, il va y avoir un retour du sable du Sahara, notamment \u00ab dans le Nord-Ouest \u00bb du pays, \u00ab en raison d\u2019une bouff\u00e9e d\u2019air chaud \u00bb venue du Sud, explique Guillaume S\u00e9chet. L\u00e0 encore, le ph\u00e9nom\u00e8ne ne \u00ab sera pas tr\u00e8s franc \u00bb \u2014 le ciel ne sera pas nettement jaune, mais il ne sera pas non plus&#8230; totalement bleu.<\/p>\n<p><script async src=\"https:\/\/platform.twitter.com\/widgets.js\" charset=\"utf-8\"><\/script><\/p>\n","protected":false},"excerpt":{"rendered":"Malgr\u00e9 le beau temps de ces derniers jours, le ciel bleu de France n\u2019est pas forc\u00e9ment tr\u00e8s franc\u2026&hellip;\n","protected":false},"author":2,"featured_media":312615,"comment_status":"","ping_status":"","sticky":false,"template":"","format":"standard","meta":{"footnotes":""},"categories":[1888],"tags":[11,1129,436,1777,674,1011,27,12,626,25],"class_list":{"0":"post-312614","1":"post","2":"type-post","3":"status-publish","4":"format-standard","5":"has-post-thumbnail","7":"category-paris","8":"tag-actualites","9":"tag-climat","10":"tag-environnement","11":"tag-eu","12":"tag-europe","13":"tag-fr","14":"tag-france","15":"tag-news","16":"tag-paris","17":"tag-republique-francaise"},"share_on_mastodon":{"url":"https:\/\/pubeurope.com\/@fr\/115012581710957395","error":""},"_links":{"self":[{"href":"https:\/\/www.europesays.com\/fr\/wp-json\/wp\/v2\/posts\/312614","targetHints":{"allow":["GET"]}}],"collection":[{"href":"https:\/\/www.europesays.com\/fr\/wp-json\/wp\/v2\/posts"}],"about":[{"href":"https:\/\/www.europesays.com\/fr\/wp-json\/wp\/v2\/types\/post"}],"author":[{"embeddable":true,"href":"https:\/\/www.europesays.com\/fr\/wp-json\/wp\/v2\/users\/2"}],"replies":[{"embeddable":true,"href":"https:\/\/www.europesays.com\/fr\/wp-json\/wp\/v2\/comments?post=312614"}],"version-history":[{"count":0,"href":"https:\/\/www.europesays.com\/fr\/wp-json\/wp\/v2\/posts\/312614\/revisions"}],"wp:featuredmedia":[{"embeddable":true,"href":"https:\/\/www.europesays.com\/fr\/wp-json\/wp\/v2\/media\/312615"}],"wp:attachment":[{"href":"https:\/\/www.europesays.com\/fr\/wp-json\/wp\/v2\/media?parent=312614"}],"wp:term":[{"taxonomy":"category","embeddable":true,"href":"https:\/\/www.europesays.com\/fr\/wp-json\/wp\/v2\/categories?post=312614"},{"taxonomy":"post_tag","embeddable":true,"href":"https:\/\/www.europesays.com\/fr\/wp-json\/wp\/v2\/tags?post=312614"}],"curies":[{"name":"wp","href":"https:\/\/api.w.org\/{rel}","templated":true}]}}