{"id":312618,"date":"2025-08-11T22:52:13","date_gmt":"2025-08-11T22:52:13","guid":{"rendered":"https:\/\/www.europesays.com\/fr\/312618\/"},"modified":"2025-08-11T22:52:13","modified_gmt":"2025-08-11T22:52:13","slug":"la-finlande-inculpe-les-officiers-du-navire-eagle-s-lie-a-la-russie-qui-a-endommage-des-cables-sous-marins","status":"publish","type":"post","link":"https:\/\/www.europesays.com\/fr\/312618\/","title":{"rendered":"La Finlande inculpe les officiers du navire Eagle S, li\u00e9 \u00e0 la Russie, qui a endommag\u00e9 des c\u00e2bles sous-marins"},"content":{"rendered":"<p>Les autorit\u00e9s finlandaises ont annonc\u00e9 lundi qu&rsquo;elles avaient inculp\u00e9 le capitaine et deux officiers sup\u00e9rieurs d&rsquo;un navire li\u00e9 \u00e0 la Russie qui aurait endommag\u00e9 l&rsquo;ann\u00e9e derni\u00e8re des c\u00e2bles sous-marins reliant la Finlande \u00e0 l&rsquo;Estonie.<\/p>\n<p>Le procureur g\u00e9n\u00e9ral adjoint finlandais a d\u00e9clar\u00e9 dans un communiqu\u00e9 que des accusations de d\u00e9lit aggrav\u00e9 et d&rsquo;interf\u00e9rence aggrav\u00e9e avec les communications avaient \u00e9t\u00e9 port\u00e9es contre le capitaine et les officiers en second et en premier du p\u00e9trolier Eagle S. Les noms des officiers n&rsquo;ont pas \u00e9t\u00e9 rendus publics.<\/p>\n<p>Leurs noms n&rsquo;ont pas \u00e9t\u00e9 rendus publics. Le communiqu\u00e9 pr\u00e9cise que les hommes ont ni\u00e9 les all\u00e9gations.<\/p>\n<p>Les autorit\u00e9s ont d\u00e9clar\u00e9 que le navire avait tir\u00e9 sur son ancre pour endommager le c\u00e2ble \u00e9lectrique Estlink-2 et les liaisons de communication entre la Finlande et l&rsquo;Estonie le 25 d\u00e9cembre.<\/p>\n<p>Le Kremlin a pr\u00e9c\u00e9demment ni\u00e9 toute implication dans l&rsquo;endommagement de cette infrastructure, qui fournit de l&rsquo;\u00e9lectricit\u00e9 et des moyens de communication \u00e0 des milliers d&rsquo;Europ\u00e9ens.<\/p>\n<p>L&rsquo;Eagle S, qui bat pavillon des \u00eeles Cook, a \u00e9t\u00e9 d\u00e9crit par les autorit\u00e9s douani\u00e8res finlandaises et la commission ex\u00e9cutive de l&rsquo;Union europ\u00e9enne comme faisant partie de la flotte fant\u00f4me russe de p\u00e9troliers.<\/p>\n<p><img decoding=\"async\" class=\"caas-img caas-lazy has-preview\" alt=\"Le p\u00e9trolier Eagle S, immatricul\u00e9 aux \u00celes Cook, est ancr\u00e9 pr\u00e8s du port de Kilpilahti \u00e0 Porvoo, le 30 d\u00e9cembre 2024\" src=\"https:\/\/www.europesays.com\/fr\/wp-content\/uploads\/2025\/08\/17a5d014098c9d3a453af9f48dfaad37.jpeg\"\/><\/p>\n<p> Le p\u00e9trolier Eagle S, immatricul\u00e9 aux \u00celes Cook, est ancr\u00e9 pr\u00e8s du port de Kilpilahti \u00e0 Porvoo, le 30 d\u00e9cembre 2024   &#8211; Jussi Nukari\/Lehtikuva <\/p>\n<p>Il s&rsquo;agit de navires vieillissants dont la propri\u00e9t\u00e9 est obscure, acquis pour \u00e9chapper aux sanctions occidentales impos\u00e9es \u00e0 la suite de l&rsquo;invasion massive de l&rsquo;Ukraine et op\u00e9rant sans assurance r\u00e9glement\u00e9e par l&rsquo;Occident.<\/p>\n<p>Pour l&rsquo;Occident, ces incidents s&rsquo;inscrivent dans le cadre d&rsquo;attaques de sabotage g\u00e9n\u00e9ralis\u00e9es en Europe qui seraient li\u00e9es \u00e0 Moscou.<\/p>\n<p>Les c\u00e2bles et pipelines sous-marins qui traversent l&rsquo;une des voies maritimes les plus fr\u00e9quent\u00e9es d&rsquo;Europe relient les pays nordiques, baltes et d&rsquo;Europe centrale.<\/p>\n<p>Ils favorisent le commerce, la s\u00e9curit\u00e9 \u00e9nerg\u00e9tique et, dans certains cas, r\u00e9duisent la d\u00e9pendance \u00e0 l&rsquo;\u00e9gard des ressources \u00e9nerg\u00e9tiques russes.<\/p>\n<p>Selon le communiqu\u00e9 de lundi, \u00ab\u00a0l&rsquo;Eagle S, qui a quitt\u00e9 le port russe d&rsquo;Ust-Luga avec une cargaison de produits p\u00e9troliers, est soup\u00e7onn\u00e9 d&rsquo;avoir coup\u00e9 cinq c\u00e2bles sous-marins dans le golfe de Finlande en tra\u00eenant son ancre sur le fond marin sur une distance d&rsquo;environ 90 kilom\u00e8tres\u00a0\u00bb.<\/p>\n<p><img decoding=\"async\" class=\"caas-img caas-lazy has-preview\" alt=\"Le Premier ministre finlandais Petteri Orpo participe \u00e0 une conf\u00e9rence de presse \u00e0 Helsinki, le 26 d\u00e9cembre 2024.\" src=\"https:\/\/www.europesays.com\/fr\/wp-content\/uploads\/2025\/08\/69d3931c1512b826d0ecef517cd496ae.jpeg\"\/><\/p>\n<p> Le Premier ministre finlandais Petteri Orpo participe \u00e0 une conf\u00e9rence de presse \u00e0 Helsinki, le 26 d\u00e9cembre 2024.   &#8211; AP Photo <\/p>\n<p>Les procureurs ont d\u00e9clar\u00e9 que les propri\u00e9taires des c\u00e2bles ont subi un total d&rsquo;au moins 60 millions d&rsquo;euros en frais de r\u00e9paration.<\/p>\n<p>\u00ab\u00a0La perturbation des c\u00e2bles de transport d&rsquo;\u00e9lectricit\u00e9 et de t\u00e9l\u00e9communications \u00e0 tr\u00e8s haute capacit\u00e9 de transmission est \u00e9galement soup\u00e7onn\u00e9e d&rsquo;avoir caus\u00e9 un risque s\u00e9rieux pour l&rsquo;approvisionnement en \u00e9nergie et les t\u00e9l\u00e9communications en Finlande, bien que les services aient pu \u00eatre assur\u00e9s en utilisant d&rsquo;autres connexions\u00a0\u00bb, indique le communiqu\u00e9.<\/p>\n<p>Le communiqu\u00e9 ajoute que les d\u00e9fendeurs \u00ab\u00a0consid\u00e8rent que la Finlande n&rsquo;est pas comp\u00e9tente dans cette affaire, \u00e9tant donn\u00e9 que les dommages caus\u00e9s aux c\u00e2bles se situent en dehors des eaux territoriales finlandaises\u00a0\u00bb.<\/p>\n<p>Les dommages subis par le c\u00e2ble Estlink 2, qui peut fournir environ la moiti\u00e9 des besoins en \u00e9lectricit\u00e9 de l&rsquo;Estonie en hiver, n&rsquo;ont pas perturb\u00e9 le service, mais ont entra\u00een\u00e9 une hausse des prix de l&rsquo;\u00e9nergie dans les pays baltes.<\/p>\n<p>Le c\u00e2ble mesure environ 145 kilom\u00e8tres de long et atteint 90 m\u00e8tres \u00e0 son point le plus profond.<\/p>\n","protected":false},"excerpt":{"rendered":"Les autorit\u00e9s finlandaises ont annonc\u00e9 lundi qu&rsquo;elles avaient inculp\u00e9 le capitaine et deux officiers sup\u00e9rieurs d&rsquo;un navire li\u00e9&hellip;\n","protected":false},"author":2,"featured_media":312619,"comment_status":"","ping_status":"","sticky":false,"template":"","format":"standard","meta":{"footnotes":""},"categories":[1591],"tags":[11,11613,1887,219,45237,2489,45082,12,1885,1886,132],"class_list":{"0":"post-312618","1":"post","2":"type-post","3":"status-publish","4":"format-standard","5":"has-post-thumbnail","7":"category-russie","8":"tag-actualites","9":"tag-cables","10":"tag-federation-de-russie","11":"tag-finlande","12":"tag-golfe-de-finlande","13":"tag-la-russie","14":"tag-les-hommes","15":"tag-news","16":"tag-russia","17":"tag-russian-federation","18":"tag-russie"},"share_on_mastodon":{"url":"https:\/\/pubeurope.com\/@fr\/115012589597628282","error":""},"_links":{"self":[{"href":"https:\/\/www.europesays.com\/fr\/wp-json\/wp\/v2\/posts\/312618","targetHints":{"allow":["GET"]}}],"collection":[{"href":"https:\/\/www.europesays.com\/fr\/wp-json\/wp\/v2\/posts"}],"about":[{"href":"https:\/\/www.europesays.com\/fr\/wp-json\/wp\/v2\/types\/post"}],"author":[{"embeddable":true,"href":"https:\/\/www.europesays.com\/fr\/wp-json\/wp\/v2\/users\/2"}],"replies":[{"embeddable":true,"href":"https:\/\/www.europesays.com\/fr\/wp-json\/wp\/v2\/comments?post=312618"}],"version-history":[{"count":0,"href":"https:\/\/www.europesays.com\/fr\/wp-json\/wp\/v2\/posts\/312618\/revisions"}],"wp:featuredmedia":[{"embeddable":true,"href":"https:\/\/www.europesays.com\/fr\/wp-json\/wp\/v2\/media\/312619"}],"wp:attachment":[{"href":"https:\/\/www.europesays.com\/fr\/wp-json\/wp\/v2\/media?parent=312618"}],"wp:term":[{"taxonomy":"category","embeddable":true,"href":"https:\/\/www.europesays.com\/fr\/wp-json\/wp\/v2\/categories?post=312618"},{"taxonomy":"post_tag","embeddable":true,"href":"https:\/\/www.europesays.com\/fr\/wp-json\/wp\/v2\/tags?post=312618"}],"curies":[{"name":"wp","href":"https:\/\/api.w.org\/{rel}","templated":true}]}}