{"id":312622,"date":"2025-08-11T22:54:14","date_gmt":"2025-08-11T22:54:14","guid":{"rendered":"https:\/\/www.europesays.com\/fr\/312622\/"},"modified":"2025-08-11T22:54:14","modified_gmt":"2025-08-11T22:54:14","slug":"aux-etats-unis-une-explosion-dans-une-usine-de-charbon-fait-au-moins-un-mort-et-deux-disparus","status":"publish","type":"post","link":"https:\/\/www.europesays.com\/fr\/312622\/","title":{"rendered":"Aux \u00c9tats-Unis, une explosion dans une usine de charbon fait au moins un mort et deux disparus"},"content":{"rendered":"<p>Aux \u00c9tats-Unis, une explosion dans une usine de charbon fait au moins un mort et deux disparusSur le m\u00eame sujet<a href=\"https:\/\/www.bfmtv.com\/international\/amerique-nord\/etats-unis\/video-aux-etats-unis-une-explosion-dans-une-usine-de-charbon-fait-au-moins-un-mort-et-deux-disparus_VN-202508110563.html\" title=\"Aux \u00c9tats-Unis, une explosion dans une usine de charbon fait au moins un mort et deux disparus\" rel=\"nofollow noopener\" target=\"_blank\"><img width=\"16\" height=\"9\" class=\"lozad\"  alt=\"Aux \u00c9tats-Unis, une explosion dans une usine de charbon fait au moins un mort et deux disparus\"\/>en lectureAux \u00c9tats-Unis, une explosion dans une usine de charbon fait au moins un mort et deux disparus<\/a><a href=\"https:\/\/www.bfmtv.com\/international\/amerique-nord\/etats-unis\/video-sommet-entre-donald-trump-et-vladimir-poutine-le-president-americain-est-persuade-qu-il-merite-le-prix-nobel-de-la-paix_VN-202508110561.html\" title=\"Sommet entre Donald Trump et Vladimir Poutine: le pr\u00e9sident am\u00e9ricain est persuad\u00e9 qu&#039;il m\u00e9rite le prix Nobel de la paix \" rel=\"nofollow noopener\" target=\"_blank\"><img width=\"16\" height=\"9\" class=\"lozad\"  alt=\"Sommet entre Donald Trump et Vladimir Poutine: le pr\u00e9sident am\u00e9ricain est persuad\u00e9 qu'il m\u00e9rite le prix Nobel de la paix \"\/>0:54Sommet entre Donald Trump et Vladimir Poutine: le pr\u00e9sident am\u00e9ricain est persuad\u00e9 qu&rsquo;il m\u00e9rite le prix Nobel de la paix<\/a><a href=\"https:\/\/www.bfmtv.com\/international\/amerique-nord\/etats-unis\/video-guerre-en-ukraine-poutine-ne-se-prepare-pas-a-un-cessez-le-feu-estime-volodymyr-zelensky-president-de-l-ukraine_VN-202508110560.html\" title=\"Guerre en Ukraine: &quot;Poutine ne se pr\u00e9pare pas \u00e0 un cessez-le-feu&quot;, estime Volodymyr Zelensky, pr\u00e9sident de l&#039;Ukraine\" rel=\"nofollow noopener\" target=\"_blank\"><img width=\"16\" height=\"9\" class=\"lozad\"  alt=\"Guerre en Ukraine: &quot;Poutine ne se pr\u00e9pare pas \u00e0 un cessez-le-feu&quot;, estime Volodymyr Zelensky, pr\u00e9sident de l'Ukraine\"\/>0:29Guerre en Ukraine: \u00ab\u00a0Poutine ne se pr\u00e9pare pas \u00e0 un cessez-le-feu\u00a0\u00bb, estime Volodymyr Zelensky, pr\u00e9sident de l&rsquo;Ukraine<\/a><a href=\"https:\/\/www.bfmtv.com\/international\/amerique-nord\/etats-unis\/video-sommet-entre-donald-trump-et-vladimir-poutine-le-choix-de-l-alaska-detaille_VN-202508110558.html\" title=\"Sommet entre Donald Trump et Vladimir Poutine: le choix de l&#039;Alaska d\u00e9taill\u00e9\" rel=\"nofollow noopener\" target=\"_blank\"><img width=\"16\" height=\"9\" class=\"lozad\"  alt=\"Sommet entre Donald Trump et Vladimir Poutine: le choix de l'Alaska d\u00e9taill\u00e9\"\/>1:41Sommet entre Donald Trump et Vladimir Poutine: le choix de l&rsquo;Alaska d\u00e9taill\u00e9<\/a><a href=\"https:\/\/www.bfmtv.com\/international\/amerique-nord\/etats-unis\/video-le-general-jerome-pellistrandi-considere-que-la-rencontre-entre-donald-trump-et-vladimir-poutine-est-un-bond-en-arriere-sur-le-plan-des-relations-internationales_VN-202508110556.html\" title=\"Le g\u00e9n\u00e9ral J\u00e9r\u00f4me Pellistrandi consid\u00e8re que la rencontre entre Donald Trump et Vladimir Poutine est &quot;un bond en arri\u00e8re sur le plan des relations internationales&quot; \" rel=\"nofollow noopener\" target=\"_blank\"><img width=\"16\" height=\"9\" class=\"lozad\"  alt=\"Le g\u00e9n\u00e9ral J\u00e9r\u00f4me Pellistrandi consid\u00e8re que la rencontre entre Donald Trump et Vladimir Poutine est &quot;un bond en arri\u00e8re sur le plan des relations internationales&quot; \"\/>1:46Le g\u00e9n\u00e9ral J\u00e9r\u00f4me Pellistrandi consid\u00e8re que la rencontre entre Donald Trump et Vladimir Poutine est \u00ab\u00a0un bond en arri\u00e8re sur le plan des relations internationales\u00a0\u00bb<\/a><a href=\"https:\/\/www.bfmtv.com\/international\/amerique-nord\/etats-unis\/video-sommet-entre-donald-trump-et-vladimir-poutine-il-sortira-une-chose-du-15-aout-c-est-l-absence-de-l-europe-estime-yves-jego-ancien-ministre_VN-202508110555.html\" title=\"Sommet entre Donald Trump et Vladimir Poutine: &quot;Il sortira une chose du 15 ao\u00fbt, c&#039;est l&#039;absence de l&#039;Europe&quot;, estime Yves J\u00e9go, ancien ministre\" rel=\"nofollow noopener\" target=\"_blank\"><img width=\"16\" height=\"9\" class=\"lozad\"  alt=\"Sommet entre Donald Trump et Vladimir Poutine: &quot;Il sortira une chose du 15 ao\u00fbt, c'est l'absence de l'Europe&quot;, estime Yves J\u00e9go, ancien ministre\"\/>1:20Sommet entre Donald Trump et Vladimir Poutine: \u00ab\u00a0Il sortira une chose du 15 ao\u00fbt, c&rsquo;est l&rsquo;absence de l&rsquo;Europe\u00a0\u00bb, estime Yves J\u00e9go, ancien ministre<\/a><a href=\"https:\/\/www.bfmtv.com\/international\/amerique-nord\/etats-unis\/video-sommet-entre-donald-trump-et-vladimir-poutine-il-ne-peut-pas-y-avoir-de-paix-estime-bruno-tertrais-directeur-adjoint-de-la-fondation-pour-la-recherche-strategique_VN-202508110507.html\" title=\"Sommet entre Donald Trump et Vladimir Poutine: &quot;Il ne peut pas y avoir de paix&quot;, estime Bruno Tertrais, directeur adjoint de la Fondation pour la recherche strat\u00e9gique\" rel=\"nofollow noopener\" target=\"_blank\"><img width=\"16\" height=\"9\" class=\"lozad\"  alt=\"Sommet entre Donald Trump et Vladimir Poutine: &quot;Il ne peut pas y avoir de paix&quot;, estime Bruno Tertrais, directeur adjoint de la Fondation pour la recherche strat\u00e9gique\"\/>1:14Sommet entre Donald Trump et Vladimir Poutine: \u00ab\u00a0Il ne peut pas y avoir de paix\u00a0\u00bb, estime Bruno Tertrais, directeur adjoint de la Fondation pour la recherche strat\u00e9gique<\/a><a href=\"https:\/\/www.bfmtv.com\/international\/amerique-nord\/etats-unis\/video-sommet-entre-donald-trump-et-vladimir-poutine-on-renoue-avec-cette-scenographie-de-la-guerre-froide-estime-bruno-tertrais-directeur-adjoint-de-la-fondation-pour-la-recherche-strategique_VN-202508110506.html\" title=\"Sommet entre Donald Trump et Vladimir Poutine: &quot;On renoue avec cette sc\u00e9nographie de la guerre froide&quot;, estime Bruno Tertrais, directeur adjoint de la Fondation pour la recherche strat\u00e9gique\" rel=\"nofollow noopener\" target=\"_blank\"><img width=\"16\" height=\"9\" class=\"lozad\"  alt=\"Sommet entre Donald Trump et Vladimir Poutine: &quot;On renoue avec cette sc\u00e9nographie de la guerre froide&quot;, estime Bruno Tertrais, directeur adjoint de la Fondation pour la recherche strat\u00e9gique\"\/>1:41Sommet entre Donald Trump et Vladimir Poutine: \u00ab\u00a0On renoue avec cette sc\u00e9nographie de la guerre froide\u00a0\u00bb, estime Bruno Tertrais, directeur adjoint de la Fondation pour la recherche strat\u00e9gique<\/a><a href=\"https:\/\/www.bfmtv.com\/international\/amerique-nord\/etats-unis\/video-sommet-entre-donald-trump-et-vladimir-poutine-tout-le-monde-a-besoin-que-cette-guerre-s-arrete-souligne-alain-bauer-professeur-de-criminologie_VN-202508110466.html\" title=\"Sommet entre Donald Trump et Vladimir Poutine: &quot;Tout le monde a besoin que cette guerre s&#039;arr\u00eate&quot;, souligne Alain Bauer, professeur de criminologie\" rel=\"nofollow noopener\" target=\"_blank\"><img width=\"16\" height=\"9\" class=\"lozad\"  alt=\"Sommet entre Donald Trump et Vladimir Poutine: &quot;Tout le monde a besoin que cette guerre s'arr\u00eate&quot;, souligne Alain Bauer, professeur de criminologie\"\/>1:06Sommet entre Donald Trump et Vladimir Poutine: \u00ab\u00a0Tout le monde a besoin que cette guerre s&rsquo;arr\u00eate\u00a0\u00bb, souligne Alain Bauer, professeur de criminologie<\/a><a href=\"https:\/\/www.bfmtv.com\/international\/amerique-nord\/etats-unis\/video-rencontre-entre-donald-trump-et-vladimir-poutine-trump-appuie-sur-le-bouton-plus-de-livraison-il-n-y-a-plus-de-guerre-estime-alain-bauer-professeur-de-criminologie_VN-202508110462.html\" title=\"Rencontre entre Donald Trump et Vladimir Poutine: &quot;Trump appuie sur le bouton plus de livraison, il n&#039;y a plus de guerre&quot;, estime Alain Bauer, professeur de criminologie\" rel=\"nofollow noopener\" target=\"_blank\"><img width=\"16\" height=\"9\" class=\"lozad\"  alt=\"Rencontre entre Donald Trump et Vladimir Poutine: &quot;Trump appuie sur le bouton plus de livraison, il n'y a plus de guerre&quot;, estime Alain Bauer, professeur de criminologie\"\/>1:13Rencontre entre Donald Trump et Vladimir Poutine: \u00ab\u00a0Trump appuie sur le bouton plus de livraison, il n&rsquo;y a plus de guerre\u00a0\u00bb, estime Alain Bauer, professeur de criminologie<\/a><a href=\"https:\/\/www.bfmtv.com\/international\/amerique-nord\/etats-unis\/video-sommet-entre-donald-trump-et-vladimir-poutine-les-leaders-europeens-dont-emmanuel-macron-vont-se-coordonner-en-amont-de-cette-rencontre_VN-202508110449.html\" title=\"Sommet entre Donald Trump et Vladimir Poutine: les leaders europ\u00e9ens, dont Emmanuel Macron, vont se coordonner en amont de cette rencontre\" rel=\"nofollow noopener\" target=\"_blank\"><img width=\"16\" height=\"9\" class=\"lozad\"  alt=\"Sommet entre Donald Trump et Vladimir Poutine: les leaders europ\u00e9ens, dont Emmanuel Macron, vont se coordonner en amont de cette rencontre\"\/>1:03Sommet entre Donald Trump et Vladimir Poutine: les leaders europ\u00e9ens, dont Emmanuel Macron, vont se coordonner en amont de cette rencontre<\/a><a href=\"https:\/\/www.bfmtv.com\/international\/amerique-nord\/etats-unis\/video-sommet-entre-donald-trump-et-vladimir-poutine-les-ukrainiens-craignent-de-ceder-une-partie-de-leur-territoire-a-la-russie_VN-202508110448.html\" title=\"Sommet entre Donald Trump et Vladimir Poutine: les Ukrainiens craignent de c\u00e9der une partie de leur territoire \u00e0 la Russie\" rel=\"nofollow noopener\" target=\"_blank\"><img width=\"16\" height=\"9\" class=\"lozad\"  alt=\"Sommet entre Donald Trump et Vladimir Poutine: les Ukrainiens craignent de c\u00e9der une partie de leur territoire \u00e0 la Russie\"\/>1:50Sommet entre Donald Trump et Vladimir Poutine: les Ukrainiens craignent de c\u00e9der une partie de leur territoire \u00e0 la Russie<\/a><a href=\"https:\/\/www.bfmtv.com\/international\/amerique-nord\/etats-unis\/video-rencontre-trump-poutine-en-alaska-la-conference-de-presse-du-president-americain-a-j-4_VN-202508110444.html\" title=\"Rencontre Trump\/Poutine en Alaska: la conf\u00e9rence de presse du pr\u00e9sident am\u00e9ricain \u00e0 J-4\" rel=\"nofollow noopener\" target=\"_blank\"><img width=\"16\" height=\"9\" class=\"lozad\"  alt=\"Rencontre Trump\/Poutine en Alaska: la conf\u00e9rence de presse du pr\u00e9sident am\u00e9ricain \u00e0 J-4\"\/>29:02Rencontre Trump\/Poutine en Alaska: la conf\u00e9rence de presse du pr\u00e9sident am\u00e9ricain \u00e0 J-4<\/a><a href=\"https:\/\/www.bfmtv.com\/international\/amerique-nord\/etats-unis\/video-guerre-en-ukraine-volodymyr-zelensky-ne-sera-pas-autour-de-la-table-pour-le-sommet-entre-donald-trump-et-vladimir-poutine_VN-202508110437.html\" title=\"Guerre en Ukraine: Volodymyr Zelensky ne sera pas autour de la table pour le sommet entre Donald Trump et Vladimir Poutine\" rel=\"nofollow noopener\" target=\"_blank\"><img width=\"16\" height=\"9\" class=\"lozad\"  alt=\"Guerre en Ukraine: Volodymyr Zelensky ne sera pas autour de la table pour le sommet entre Donald Trump et Vladimir Poutine\"\/>1:43Guerre en Ukraine: Volodymyr Zelensky ne sera pas autour de la table pour le sommet entre Donald Trump et Vladimir Poutine<\/a><a class=\"jumpToVideo\" target=\"_blank\"><img class=\"thumbnailPreview\"\/><\/a><\/p>\n","protected":false},"excerpt":{"rendered":"Aux \u00c9tats-Unis, une explosion dans une usine de charbon fait au moins un mort et deux disparusSur le&hellip;\n","protected":false},"author":2,"featured_media":312623,"comment_status":"","ping_status":"","sticky":false,"template":"","format":"standard","meta":{"footnotes":""},"categories":[1589],"tags":[11,73,1866,12,1864,1865,1863,308],"class_list":{"0":"post-312622","1":"post","2":"type-post","3":"status-publish","4":"format-standard","5":"has-post-thumbnail","7":"category-etats-unis","8":"tag-actualites","9":"tag-etats-unis","10":"tag-etats-unis-damerique","11":"tag-news","12":"tag-united-states","13":"tag-united-states-of-america","14":"tag-us","15":"tag-usa"},"share_on_mastodon":{"url":"https:\/\/pubeurope.com\/@fr\/115012597486790873","error":""},"_links":{"self":[{"href":"https:\/\/www.europesays.com\/fr\/wp-json\/wp\/v2\/posts\/312622","targetHints":{"allow":["GET"]}}],"collection":[{"href":"https:\/\/www.europesays.com\/fr\/wp-json\/wp\/v2\/posts"}],"about":[{"href":"https:\/\/www.europesays.com\/fr\/wp-json\/wp\/v2\/types\/post"}],"author":[{"embeddable":true,"href":"https:\/\/www.europesays.com\/fr\/wp-json\/wp\/v2\/users\/2"}],"replies":[{"embeddable":true,"href":"https:\/\/www.europesays.com\/fr\/wp-json\/wp\/v2\/comments?post=312622"}],"version-history":[{"count":0,"href":"https:\/\/www.europesays.com\/fr\/wp-json\/wp\/v2\/posts\/312622\/revisions"}],"wp:featuredmedia":[{"embeddable":true,"href":"https:\/\/www.europesays.com\/fr\/wp-json\/wp\/v2\/media\/312623"}],"wp:attachment":[{"href":"https:\/\/www.europesays.com\/fr\/wp-json\/wp\/v2\/media?parent=312622"}],"wp:term":[{"taxonomy":"category","embeddable":true,"href":"https:\/\/www.europesays.com\/fr\/wp-json\/wp\/v2\/categories?post=312622"},{"taxonomy":"post_tag","embeddable":true,"href":"https:\/\/www.europesays.com\/fr\/wp-json\/wp\/v2\/tags?post=312622"}],"curies":[{"name":"wp","href":"https:\/\/api.w.org\/{rel}","templated":true}]}}