{"id":312625,"date":"2025-08-11T22:56:19","date_gmt":"2025-08-11T22:56:19","guid":{"rendered":"https:\/\/www.europesays.com\/fr\/312625\/"},"modified":"2025-08-11T22:56:19","modified_gmt":"2025-08-11T22:56:19","slug":"euro-de-hockey-les-pays-bas-dominent-lallemagne-dans-le-tournoi-feminin-2","status":"publish","type":"post","link":"https:\/\/www.europesays.com\/fr\/312625\/","title":{"rendered":"Euro de hockey &#8211; Les Pays-Bas dominent l&rsquo;Allemagne dans le tournoi f\u00e9minin"},"content":{"rendered":"<p><img decoding=\"async\" class=\"w-full object-contain\" style=\"aspect-ratio:150 \/ 100;opacity:1\" alt=\"Euro de hockey - Les Pays-Bas dominent l'Allemagne dans le tournoi f\u00e9minin\" width=\"512\" height=\"341\" fetchpriority=\"high\" src=\"https:\/\/www.europesays.com\/fr\/wp-content\/uploads\/2025\/08\/1754952979_589_G2E4K4ENSZBLBI32RJR2SSBTTU.jpg\"  \/><\/p>\n<p class=\"ap-StoryElement ap-StoryElement--mb ap-StoryText\">Les Pays-Bas ont pris le large d\u00e8s le premier quart-temps avec les buts de Freeke Moes (1re), Fr\u00e9d\u00e9rique Matla (10e) et Pien Sanders (13e). Lena Micheel a r\u00e9duit l&rsquo;\u00e9cart sur un penalty corner (19e). Sanders a marqu\u00e9 son deuxi\u00e8me but de la soir\u00e9e (24e) puis Marijn Veen (54e) a fix\u00e9 le score \u00e0 1-5.<\/p>\n<p class=\"ap-StoryElement ap-StoryElement--mb ap-StoryText\">Dans l&rsquo;autre rencontre du groupe, la France a battu l&rsquo;Irlande 0-1 gr\u00e2ce \u00e0 un but sur penalty corner de Mathilde Duffrene (49e).<\/p>\n","protected":false},"excerpt":{"rendered":"Les Pays-Bas ont pris le large d\u00e8s le premier quart-temps avec les buts de Freeke Moes (1re), Fr\u00e9d\u00e9rique&hellip;\n","protected":false},"author":2,"featured_media":25030,"comment_status":"","ping_status":"","sticky":false,"template":"","format":"standard","meta":{"footnotes":""},"categories":[1587],"tags":[11,672,828,1804,1805,1803,1777,31257,674,1801,4488,12,1802],"class_list":{"0":"post-312625","1":"post","2":"type-post","3":"status-publish","4":"format-standard","5":"has-post-thumbnail","7":"category-allemagne","8":"tag-actualites","9":"tag-allemagne","10":"tag-belgique","11":"tag-bundesrepublik-deutschland","12":"tag-de","13":"tag-deutschland","14":"tag-eu","15":"tag-euro2025","16":"tag-europe","17":"tag-germany","18":"tag-hockey","19":"tag-news","20":"tag-republique-federale-dallemagne"},"share_on_mastodon":{"url":"https:\/\/pubeurope.com\/@fr\/115012605381548687","error":""},"_links":{"self":[{"href":"https:\/\/www.europesays.com\/fr\/wp-json\/wp\/v2\/posts\/312625","targetHints":{"allow":["GET"]}}],"collection":[{"href":"https:\/\/www.europesays.com\/fr\/wp-json\/wp\/v2\/posts"}],"about":[{"href":"https:\/\/www.europesays.com\/fr\/wp-json\/wp\/v2\/types\/post"}],"author":[{"embeddable":true,"href":"https:\/\/www.europesays.com\/fr\/wp-json\/wp\/v2\/users\/2"}],"replies":[{"embeddable":true,"href":"https:\/\/www.europesays.com\/fr\/wp-json\/wp\/v2\/comments?post=312625"}],"version-history":[{"count":0,"href":"https:\/\/www.europesays.com\/fr\/wp-json\/wp\/v2\/posts\/312625\/revisions"}],"wp:featuredmedia":[{"embeddable":true,"href":"https:\/\/www.europesays.com\/fr\/wp-json\/wp\/v2\/media\/25030"}],"wp:attachment":[{"href":"https:\/\/www.europesays.com\/fr\/wp-json\/wp\/v2\/media?parent=312625"}],"wp:term":[{"taxonomy":"category","embeddable":true,"href":"https:\/\/www.europesays.com\/fr\/wp-json\/wp\/v2\/categories?post=312625"},{"taxonomy":"post_tag","embeddable":true,"href":"https:\/\/www.europesays.com\/fr\/wp-json\/wp\/v2\/tags?post=312625"}],"curies":[{"name":"wp","href":"https:\/\/api.w.org\/{rel}","templated":true}]}}