{"id":312628,"date":"2025-08-11T22:58:14","date_gmt":"2025-08-11T22:58:14","guid":{"rendered":"https:\/\/www.europesays.com\/fr\/312628\/"},"modified":"2025-08-11T22:58:14","modified_gmt":"2025-08-11T22:58:14","slug":"le-portugal-remonte-dans-le-classement","status":"publish","type":"post","link":"https:\/\/www.europesays.com\/fr\/312628\/","title":{"rendered":"Le Portugal remonte dans le classement"},"content":{"rendered":"<p>Bien que class\u00e9 parmi les innovateurs mod\u00e9r\u00e9s, le pays s&rsquo;est rapproch\u00e9 de la moyenne de l&rsquo;UE, mais reste confront\u00e9 \u00e0 des d\u00e9fis structurels en mati\u00e8re d&rsquo;investissement priv\u00e9 dans la R&amp;D et le capital-risque, selon l&rsquo;Agence nationale de l&rsquo;innovation<a href=\"https:\/\/ani.pt\/en\/\" target=\"_blank\" rel=\"nofollow noopener\">(ANI)<\/a>.<\/p>\n<p>Au niveau europ\u00e9en, la moyenne de l&rsquo;UE est de 112,6 %, avec une l\u00e9g\u00e8re baisse de 0,4 point de pourcentage entre 2024 et 2025. Cette baisse met en \u00e9vidence une stagnation dans la consolidation de l&rsquo;innovation, malgr\u00e9 les progr\u00e8s soutenus de plusieurs \u00c9tats membres. La Su\u00e8de est en t\u00eate du classement avec 155,5 %, suivie dans les cinq premi\u00e8res places par les pays nordiques : Danemark, Pays-Bas, Finlande et Irlande, qui conservent leur statut de leader de l&rsquo;innovation.<\/p>\n<p>Au Portugal, les bonnes performances sont principalement dues \u00e0 l&rsquo;aide publique \u00e0 la R&amp;D des entreprises &#8211; o\u00f9 le pays est en t\u00eate de l&rsquo;UE avec 185,8 % de la moyenne europ\u00e9enne &#8211; ainsi qu&rsquo;au dynamisme des ventes de nouvelles innovations, aux progr\u00e8s de la num\u00e9risation et \u00e0 la croissance des sp\u00e9cialistes des technologies de l&rsquo;information et de la communication (TIC). Lisbonne se distingue au niveau r\u00e9gional en tant qu&rsquo;innovateur fort avec 109,6 %, tandis que la r\u00e9gion centrale atteint la cat\u00e9gorie mod\u00e9r\u00e9e+ avec 90,1 %. Toutes les r\u00e9gions portugaises ont affich\u00e9 une croissance durable depuis 2018.<\/p>\n<p>\u00c0 l&rsquo;autre extr\u00e9mit\u00e9 du spectre, des pays comme la Pologne, la Slovaquie, la Lettonie, la Bulgarie et la Roumanie font partie du groupe des Innovateurs \u00e9mergents, avec des scores bien inf\u00e9rieurs \u00e0 la moyenne de l&rsquo;UE (moins de 70 %), ce qui refl\u00e8te des d\u00e9fis structurels importants en mati\u00e8re de productivit\u00e9, d&rsquo;exportations de haute technologie et de stimulation de l&rsquo;investissement priv\u00e9 dans l&rsquo;innovation.<\/p>\n","protected":false},"excerpt":{"rendered":"Bien que class\u00e9 parmi les innovateurs mod\u00e9r\u00e9s, le pays s&rsquo;est rapproch\u00e9 de la moyenne de l&rsquo;UE, mais reste&hellip;\n","protected":false},"author":2,"featured_media":312629,"comment_status":"","ping_status":"","sticky":false,"template":"","format":"standard","meta":{"footnotes":""},"categories":[1586],"tags":[11,1777,674,1779,1011,27,12,25,1778,364],"class_list":{"0":"post-312628","1":"post","2":"type-post","3":"status-publish","4":"format-standard","5":"has-post-thumbnail","7":"category-europe","8":"tag-actualites","9":"tag-eu","10":"tag-europe","11":"tag-european-union","12":"tag-fr","13":"tag-france","14":"tag-news","15":"tag-republique-francaise","16":"tag-ue","17":"tag-union-europeenne"},"share_on_mastodon":{"url":"https:\/\/pubeurope.com\/@fr\/115012613295344841","error":""},"_links":{"self":[{"href":"https:\/\/www.europesays.com\/fr\/wp-json\/wp\/v2\/posts\/312628","targetHints":{"allow":["GET"]}}],"collection":[{"href":"https:\/\/www.europesays.com\/fr\/wp-json\/wp\/v2\/posts"}],"about":[{"href":"https:\/\/www.europesays.com\/fr\/wp-json\/wp\/v2\/types\/post"}],"author":[{"embeddable":true,"href":"https:\/\/www.europesays.com\/fr\/wp-json\/wp\/v2\/users\/2"}],"replies":[{"embeddable":true,"href":"https:\/\/www.europesays.com\/fr\/wp-json\/wp\/v2\/comments?post=312628"}],"version-history":[{"count":0,"href":"https:\/\/www.europesays.com\/fr\/wp-json\/wp\/v2\/posts\/312628\/revisions"}],"wp:featuredmedia":[{"embeddable":true,"href":"https:\/\/www.europesays.com\/fr\/wp-json\/wp\/v2\/media\/312629"}],"wp:attachment":[{"href":"https:\/\/www.europesays.com\/fr\/wp-json\/wp\/v2\/media?parent=312628"}],"wp:term":[{"taxonomy":"category","embeddable":true,"href":"https:\/\/www.europesays.com\/fr\/wp-json\/wp\/v2\/categories?post=312628"},{"taxonomy":"post_tag","embeddable":true,"href":"https:\/\/www.europesays.com\/fr\/wp-json\/wp\/v2\/tags?post=312628"}],"curies":[{"name":"wp","href":"https:\/\/api.w.org\/{rel}","templated":true}]}}