{"id":312632,"date":"2025-08-11T23:00:20","date_gmt":"2025-08-11T23:00:20","guid":{"rendered":"https:\/\/www.europesays.com\/fr\/312632\/"},"modified":"2025-08-11T23:00:20","modified_gmt":"2025-08-11T23:00:20","slug":"los-angeles-new-york-baltimore-ces-autres-villes-dans-le-viseur-de-trump-apres-washington","status":"publish","type":"post","link":"https:\/\/www.europesays.com\/fr\/312632\/","title":{"rendered":"Los Angeles, New York, Baltimore\u2026 Ces autres villes dans le viseur de Trump apr\u00e8s Washington"},"content":{"rendered":"<p>        <img decoding=\"async\" loading=\"lazy\" src=\"https:\/\/www.europesays.com\/fr\/wp-content\/uploads\/2025\/08\/8d78fa0_upload-1-lbuodujshc1e-063-2226494987.jpg\"  width=\"728\" height=\"409\" alt=\"Les villes de Baltimore, dans le Maryland, et Oakland, en Californie, ont \u00e9t\u00e9 cit\u00e9es par Donald Trump comme exemples de villes o\u00f9 il souhaite prochainement imposer des mesures s\u00e9curitaires d\u2019envergure.\"\/>  <\/p>\n<p>CHIP SOMODEVILLA \/ Getty Images via AFP<\/p>\n<p>Les villes de Baltimore, dans le Maryland, et Oakland, en Californie, ont \u00e9t\u00e9 cit\u00e9es par Donald Trump comme exemples de villes o\u00f9 il souhaite prochainement imposer des mesures s\u00e9curitaires d\u2019envergure.<\/p>\n<p class=\"asset asset-text\">INTERNATIONAL &#8211; Un \u00ab\u00a0nettoyage\u00a0\u00bb \u00e0 \u00e9chelle nationale. Le <a href=\"https:\/\/www.huffingtonpost.fr\/tech-futurs\/article\/donald-trump-a-lance-sa-propre-ia-et-elle-lui-donne-tort-sur-ces-points-cles-de-son-discours_253458.html\" rel=\"nofollow noopener\" target=\"_blank\">pr\u00e9sident am\u00e9ricain Donald Trump<\/a> a annonc\u00e9 ce lundi 11\u00a0ao\u00fbt placer le <a href=\"https:\/\/www.huffingtonpost.fr\/international\/article\/trump-s-en-prend-aux-plus-demunis-pour-rendre-washington-plus-belle_253451.html\" rel=\"nofollow noopener\" target=\"_blank\">maintien de l\u2019ordre dans la capitale Washington<\/a> sous le contr\u00f4le des autorit\u00e9s f\u00e9d\u00e9rales et d\u00e9ployer des militaires de la Garde nationale. Des mesures exceptionnelles pour cette ville qu\u2019il dit \u00ab\u00a0envahie par des gangs violents\u00a0\u00bb.<\/p>\n<p class=\"asset asset-text\">Mais durant le discours o\u00f9 ces annonces ont \u00e9t\u00e9 d\u00e9voil\u00e9es, le locataire de la Maison Blanche a cibl\u00e9 d\u2019autres villes am\u00e9ricaines qui risquent de bient\u00f4t conna\u00eetre le m\u00eame type de mesure de s\u00e9curit\u00e9, justifi\u00e9es par Donald Trump pour mettre fin \u00e0 \u00ab\u00a0situation d\u2019anarchie compl\u00e8te et totale\u00a0\u00bb. Donald Trump a d\u2019ailleurs assur\u00e9 qu\u2019il d\u00e9ployait la Garde nationale, un corps de militaires de r\u00e9serve, \u00ab\u00a0afin de r\u00e9tablir la loi, l\u2019ordre, et la s\u00e9curit\u00e9 publique\u00a0\u00bb.<\/p>\n<p class=\"asset asset-text\">Le pr\u00e9sident r\u00e9publicain a ensuite promis que son initiative ne s\u2019arr\u00eaterait pas \u00e0 Washington, o\u00f9 il a d\u00e9cr\u00e9t\u00e9 un \u00e9tat d\u2019urgence. \u00ab\u00a0\u00c7a va aller plus loin. Nous commen\u00e7ons de mani\u00e8re tr\u00e8s forte \u00e0 (Washington) et nous allons nettoyer \u00e7a bien rapidement\u00a0\u00bb, a-t-il d\u00e9clar\u00e9. Parmi les villes cibl\u00e9es, il \u00e9voque notamment le cas de New York, mais pas seulement.<\/p>\n<p class=\"asset asset-text\">\u00ab\u00a0Nous avons d\u2019autres villes qui sont tr\u00e8s mauvaises. New York a un probl\u00e8me. Et il y a bien s\u00fbr Baltimore et Oakland\u00a0\u00bb, a-t-il gliss\u00e9 en prenant soin de citer plusieurs grandes villes consid\u00e9r\u00e9es comme des bastions d\u00e9mocrates.<\/p>\n<p> La lecture de ce contenu est susceptible d\u2019entra\u00eener un d\u00e9p\u00f4t de cookies de la part de l\u2019op\u00e9rateur tiers qui l\u2019h\u00e9berge. Compte-tenu des choix que vous avez exprim\u00e9s en mati\u00e8re de d\u00e9p\u00f4t de cookies, nous avons bloqu\u00e9 l\u2019affichage de ce contenu. Si vous souhaitez y acc\u00e9der, vous devez accepter la cat\u00e9gorie de cookies \u201cContenus tiers\u201d en cliquant sur le bouton ci-dessous. <\/p>\n<p> Lire la Vid\u00e9o        <\/p>\n<p class=\"asset asset-text\">Durant cette conf\u00e9rence de presse, Donald Trump a \u00e9galement cit\u00e9 des villes comme Los Angeles et Chicago. Deux villes r\u00e9guli\u00e8rement cibl\u00e9es par le pr\u00e9sident am\u00e9ricain pour leurs probl\u00e8mes de criminalit\u00e9. Hasard ou non, Donald Trump n\u2019a jamais cit\u00e9 durant son discours l\u2019exemple de Memphis, Saint-Louis ou La Nouvelle-Orl\u00e9ans. Trois villes situ\u00e9es dans des \u00c9tats gouvern\u00e9s par le parti r\u00e9publicain et disposant dans le m\u00eame temps d\u2019un taux de meurtre particuli\u00e8rement \u00e9lev\u00e9.<\/p>\n<p>    Tout l\u2019inverse des statistiques officielles    <\/p>\n<p class=\"asset asset-text\">Selon ses propos relay\u00e9s par le <a href=\"https:\/\/www.nytimes.com\/live\/2025\/08\/11\/us\/trump-news?smid=url-share#425b14b5-104d-5355-8185-8c66871cab57\" target=\"_blank\" rel=\"noopener nofollow\" title=\"Nouvelle fen\u00eatre\">New York Times<\/a>, Washington doit donc servir de cobaye. Un laboratoire d\u2019essai pour prouver que \u00ab\u00a0les r\u00e9publicains peuvent nettoyer et g\u00e9rer les villes mieux que les d\u00e9mocrates, et que les changements \u00e0 venir serviront d\u2019exemple aux villes bleues \u00e0 travers l\u2019Am\u00e9rique\u00a0\u00bb, analyse d\u2019ailleurs le journal am\u00e9ricain.<\/p>\n<p class=\"asset asset-text\">Toutefois, malgr\u00e9 les affirmations de Donald Trump au sujet de la criminalit\u00e9 dans la capitale am\u00e9ricaine, les statistiques officielles montrent une baisse drastique de la criminalit\u00e9 violente \u00e0 Washington. Comme le prouve un graphique \u00e9galement partag\u00e9 par le New York Times, bas\u00e9 sur les chiffres de la police am\u00e9ricaine. Le minist\u00e8re de la Justice du gouvernement de Joe Biden avait annonc\u00e9 d\u00e9but janvier que les faits de criminalit\u00e9 violente \u00e0 Washington avaient atteint en 2024 leur niveau le plus bas en plus de 30\u00a0ans.<\/p>\n<p class=\"asset asset-text\">Cette d\u00e9marche suit toutefois une continuit\u00e9 dans les actions du chef d\u2019\u00c9tat am\u00e9ricain, qui <a href=\"https:\/\/www.huffingtonpost.fr\/international\/video\/en-californie-donald-trump-envoie-la-garde-nationale-apres-des-heurts-entre-police-de-l-immigration-et-manifestants_251078.html\" rel=\"nofollow noopener\" target=\"_blank\">avait mobilis\u00e9 en juin dernier la Garde nationale en Californie<\/a>, contre l\u2019avis du gouverneur d\u00e9mocrate, Gavin Newsom, affirmant vouloir ainsi r\u00e9tablir l\u2019ordre \u00e0 Los Angeles apr\u00e8s des manifestations contre des arrestations d\u2019immigr\u00e9s par la police f\u00e9d\u00e9rale de l\u2019immigration.<\/p>\n","protected":false},"excerpt":{"rendered":"CHIP SOMODEVILLA \/ Getty Images via AFP Les villes de Baltimore, dans le Maryland, et Oakland, en Californie,&hellip;\n","protected":false},"author":2,"featured_media":312633,"comment_status":"","ping_status":"","sticky":false,"template":"","format":"standard","meta":{"footnotes":""},"categories":[2],"tags":[11,75,73,1011,27,14,6116,415,12,25,2744],"class_list":{"0":"post-312632","1":"post","2":"type-post","3":"status-publish","4":"format-standard","5":"has-post-thumbnail","7":"category-actualites","8":"tag-actualites","9":"tag-donald-trump","10":"tag-etats-unis","11":"tag-fr","12":"tag-france","13":"tag-international","14":"tag-los-angeles","15":"tag-new-york","16":"tag-news","17":"tag-republique-francaise","18":"tag-washington"},"share_on_mastodon":{"url":"https:\/\/pubeurope.com\/@fr\/115012621118585698","error":""},"_links":{"self":[{"href":"https:\/\/www.europesays.com\/fr\/wp-json\/wp\/v2\/posts\/312632","targetHints":{"allow":["GET"]}}],"collection":[{"href":"https:\/\/www.europesays.com\/fr\/wp-json\/wp\/v2\/posts"}],"about":[{"href":"https:\/\/www.europesays.com\/fr\/wp-json\/wp\/v2\/types\/post"}],"author":[{"embeddable":true,"href":"https:\/\/www.europesays.com\/fr\/wp-json\/wp\/v2\/users\/2"}],"replies":[{"embeddable":true,"href":"https:\/\/www.europesays.com\/fr\/wp-json\/wp\/v2\/comments?post=312632"}],"version-history":[{"count":0,"href":"https:\/\/www.europesays.com\/fr\/wp-json\/wp\/v2\/posts\/312632\/revisions"}],"wp:featuredmedia":[{"embeddable":true,"href":"https:\/\/www.europesays.com\/fr\/wp-json\/wp\/v2\/media\/312633"}],"wp:attachment":[{"href":"https:\/\/www.europesays.com\/fr\/wp-json\/wp\/v2\/media?parent=312632"}],"wp:term":[{"taxonomy":"category","embeddable":true,"href":"https:\/\/www.europesays.com\/fr\/wp-json\/wp\/v2\/categories?post=312632"},{"taxonomy":"post_tag","embeddable":true,"href":"https:\/\/www.europesays.com\/fr\/wp-json\/wp\/v2\/tags?post=312632"}],"curies":[{"name":"wp","href":"https:\/\/api.w.org\/{rel}","templated":true}]}}