{"id":312636,"date":"2025-08-11T23:02:19","date_gmt":"2025-08-11T23:02:19","guid":{"rendered":"https:\/\/www.europesays.com\/fr\/312636\/"},"modified":"2025-08-11T23:02:19","modified_gmt":"2025-08-11T23:02:19","slug":"sepp-straka-renonce-au-bmw-championship-pour-raison-personnelle","status":"publish","type":"post","link":"https:\/\/www.europesays.com\/fr\/312636\/","title":{"rendered":"Sepp Straka renonce au BMW Championship pour raison personnelle"},"content":{"rendered":"<p>\t\t\t\t\t\t<img width=\"770\" height=\"556\" src=\"https:\/\/www.europesays.com\/fr\/wp-content\/uploads\/2025\/08\/seppstraka-770x556.jpg\" class=\"img-responsive wp-post-image\" alt=\"\" decoding=\"async\" fetchpriority=\"high\"  \/>\t\t\t\t\t<\/p>\n<p>\t\t\t\t\t\t Partager cet article <\/p>\n<p class=\"screen-reader-text juiz_sps_maybe_hidden_text\">Partager la publication \u00ab\u00a0Sepp Straka renonce au BMW Championship pour raison personnelle\u00a0\u00bb<\/p>\n<p><strong>L\u2019Autrichien Sepp Straka a renonc\u00e9 au BMW Championship, deuxi\u00e8me \u00e9tape des Playoffs de la FedEx cup qui se d\u00e9roulera du 14 au 17 ao\u00fbt sur le parcours du Caves Valley Golf Club dans le Maryland. L\u2019Autrichien, 5\u00e8 de la FedExCup sera toutefois pr\u00e9sent pour le grand final de la saison \u00e0 Atlanta (G\u00e9orgie) du 21 au 24 ao\u00fbt.<\/strong><\/p>\n<p>\t\t\t\t\t<a id=\"181426\" href=\"https:\/\/leclub-golf.com\/fr\/green-fees?online=1&amp;utm_source=golf+planete&amp;utm_medium=referral&amp;utm_campaign=green+fee+en+ligne&amp;utm_id=green+fee+en+ligne_golf+planete_referral_banner\" target=\"_blank\" rel=\"sponsorised nofollow noopener\"><img decoding=\"async\" src=\"data:image\/svg+xml,%3Csvg%20xmlns=\" http:=\"\" class=\"img-responsive\" alt=\"\" data-lazy-src=\"https:\/\/www.europesays.com\/fr\/wp-content\/uploads\/2025\/08\/leclubgolf-e09-effet-classique-1170x275png.png\"\/><\/a><\/p>\n<p><strong>H.D.<\/strong><\/p>\n<p>Apr\u00e8s <a href=\"https:\/\/www.golfplanete.com\/actualites\/pourquoi-mcilroy-ne-sera-pas-la-pour-la-premiere-etape-des-playoffs\/\" rel=\"nofollow noopener\" target=\"_blank\"><strong>Rory McIlroy<\/strong>,<\/a> qui avait fait le choix strat\u00e9gique de renoncer \u00e0 la premi\u00e8re \u00e9tape des Playoffs de la FedEx Cup \u00e0 Memphis, c\u2019est l\u2019Autrichien <strong>Sepp Straka<\/strong> qui a annonc\u00e9 faire l\u2019impasse sur le <strong>BMW Championsip.<\/strong><\/p>\n<p>Son manager<strong> Butler Melnyk<\/strong> a annonc\u00e9 via la communication officielle du <strong>PGA Tour<\/strong> que le dixi\u00e8me joueur mondial \u00abs\u2019est retir\u00e9 du BMW Championship pour des raisons familiales\u00bb\u00a0 pr\u00e9cisant qu\u2019il avait bien l\u2019intention de disputer le <strong>Tour Championship, <\/strong>la grande finale du circuit am\u00e9ricain \u00e0 Atlanta la semaine prochaine.<\/p>\n<p>\u00a0\u00c0 l\u2019instar de <strong>Min-Woo Lee<\/strong> \u00e0 Memphis jeudi dernier, c\u2019est <a href=\"https:\/\/www.pgatour.com\/fedexcup\" rel=\"nofollow noopener\" target=\"_blank\">l\u2019Am\u00e9ricain J.T. Poston<\/a> qui s\u2019\u00e9lancera seul lors du premier tour sur le parcours du Caves Valley Golf Club \u00e0 Owing Mills dans le Maryland.\u00a0<\/p>\n<p>\t\t\t\t\t<a id=\"181417\" href=\"https:\/\/cabotbordeaux.com\/fr\/booking\/training-golf\" target=\"_blank\" rel=\"sponsorised nofollow noopener\"><img decoding=\"async\" src=\"data:image\/svg+xml,%3Csvg%20xmlns=\" http:=\"\" class=\"img-responsive\" alt=\"\" data-lazy-src=\"https:\/\/www.europesays.com\/fr\/wp-content\/uploads\/2025\/08\/cabot-e04-stage-septembre-1170x275-1.gif\"\/><\/a><\/p>\n<blockquote class=\"twitter-tweet\" data-media-max-width=\"560\">\n<p dir=\"ltr\" lang=\"en\">Sepp Straka WD from the BMW Championship due to a private family matter. <\/p>\n<p>Statement from Straka\u2019s manager Butler Melnyk: \u201cFor personal reasons, Sepp is unable to play this week. He intends to compete at the TOUR Championship, but requests privacy at this time as he attends to a\u2026<\/p>\n<p>\u2014 PGA TOUR Communications (@PGATOURComms) <a href=\"https:\/\/twitter.com\/PGATOURComms\/status\/1954974209660096897?ref_src=twsrc%5Etfw\" rel=\"nofollow noopener\" target=\"_blank\">August 11, 2025<\/a><\/p>\n<\/blockquote>\n<p>\t\t\t\t\t<a id=\"179385\" href=\"https:\/\/tickets.europeantour.com\/eut\/#\/c6906933-bb43-434b-a22d-0ae172a572d4\/shop\/custom-pack?fac=EUT&amp;locale=fr&amp;skin=pgaetodf&amp;utm_campaign=ODF&amp;utm_content=Ticketing&amp;utm_medium=Web&amp;utm_source=Partner&amp;utm_term=PavonGolfPlanete\" target=\"_blank\" rel=\"sponsorised nofollow noopener\"><img decoding=\"async\" src=\"data:image\/svg+xml,%3Csvg%20xmlns=\" http:=\"\" class=\"img-responsive\" alt=\"\" data-lazy-src=\"https:\/\/www.europesays.com\/fr\/wp-content\/uploads\/2025\/07\/opendefrance-e03-plateau-1407-1170x275-1.jpg\"\/><\/a><\/p>\n<p>\t\t\t<script async src=\"https:\/\/platform.twitter.com\/widgets.js\" charset=\"utf-8\"><\/script><\/p>\n","protected":false},"excerpt":{"rendered":"Partager cet article Partager la publication \u00ab\u00a0Sepp Straka renonce au BMW Championship pour raison personnelle\u00a0\u00bb L\u2019Autrichien Sepp Straka&hellip;\n","protected":false},"author":2,"featured_media":312637,"comment_status":"","ping_status":"","sticky":false,"template":"","format":"standard","meta":{"footnotes":""},"categories":[1418],"tags":[1011,27,1472,60],"class_list":{"0":"post-312636","1":"post","2":"type-post","3":"status-publish","4":"format-standard","5":"has-post-thumbnail","7":"category-golf","8":"tag-fr","9":"tag-france","10":"tag-golf","11":"tag-sports"},"share_on_mastodon":{"url":"https:\/\/pubeurope.com\/@fr\/115012628910748087","error":""},"_links":{"self":[{"href":"https:\/\/www.europesays.com\/fr\/wp-json\/wp\/v2\/posts\/312636","targetHints":{"allow":["GET"]}}],"collection":[{"href":"https:\/\/www.europesays.com\/fr\/wp-json\/wp\/v2\/posts"}],"about":[{"href":"https:\/\/www.europesays.com\/fr\/wp-json\/wp\/v2\/types\/post"}],"author":[{"embeddable":true,"href":"https:\/\/www.europesays.com\/fr\/wp-json\/wp\/v2\/users\/2"}],"replies":[{"embeddable":true,"href":"https:\/\/www.europesays.com\/fr\/wp-json\/wp\/v2\/comments?post=312636"}],"version-history":[{"count":0,"href":"https:\/\/www.europesays.com\/fr\/wp-json\/wp\/v2\/posts\/312636\/revisions"}],"wp:featuredmedia":[{"embeddable":true,"href":"https:\/\/www.europesays.com\/fr\/wp-json\/wp\/v2\/media\/312637"}],"wp:attachment":[{"href":"https:\/\/www.europesays.com\/fr\/wp-json\/wp\/v2\/media?parent=312636"}],"wp:term":[{"taxonomy":"category","embeddable":true,"href":"https:\/\/www.europesays.com\/fr\/wp-json\/wp\/v2\/categories?post=312636"},{"taxonomy":"post_tag","embeddable":true,"href":"https:\/\/www.europesays.com\/fr\/wp-json\/wp\/v2\/tags?post=312636"}],"curies":[{"name":"wp","href":"https:\/\/api.w.org\/{rel}","templated":true}]}}