{"id":312638,"date":"2025-08-11T23:04:14","date_gmt":"2025-08-11T23:04:14","guid":{"rendered":"https:\/\/www.europesays.com\/fr\/312638\/"},"modified":"2025-08-11T23:04:14","modified_gmt":"2025-08-11T23:04:14","slug":"simon-bourgeois-prolonge-dans-la-duree-au-rcv","status":"publish","type":"post","link":"https:\/\/www.europesays.com\/fr\/312638\/","title":{"rendered":"Simon Bourgeois prolonge dans la dur\u00e9e au RCV"},"content":{"rendered":"<p><img fetchpriority=\"high\" decoding=\"async\" width=\"819\" height=\"1024\" src=\"data:image\/svg+xml,%3Csvg%20xmlns=\" http:=\"\" alt=\"\" class=\"wp-image-33027 ewww_webp_lazy_load\" data-lazy- data-lazy- data-lazy-src=\"https:\/\/www.europesays.com\/fr\/wp-content\/uploads\/2025\/08\/simon2d028-819x1024.jpg\" data-lazy-src-webp=\"https:\/\/www.europesays.com\/fr\/wp-content\/uploads\/2025\/08\/simon2d028-819x1024.jpg.webp\" data-lazy-srcset-webp=\"https:\/\/www.europesays.com\/fr\/wp-content\/uploads\/2025\/08\/simon2d028-819x1024.jpg.webp 819w, https:\/\/www.rugbyclubvannes.bzh\/voy_content\/uploads\/2025\/08\/simon2d028-240x300.jpg.webp 240w, https:\/\/www.rugbyclubvannes.bzh\/voy_content\/uploads\/2025\/08\/simon2d028-768x960.jpg.webp 768w, https:\/\/www.rugbyclubvannes.bzh\/voy_content\/uploads\/2025\/08\/simon2d028-1229x1536.jpg.webp 1229w, https:\/\/www.rugbyclubvannes.bzh\/voy_content\/uploads\/2025\/08\/simon2d028-72x90.jpg.webp 72w, https:\/\/www.rugbyclubvannes.bzh\/voy_content\/uploads\/2025\/08\/simon2d028-120x150.jpg.webp 120w, https:\/\/www.rugbyclubvannes.bzh\/voy_content\/uploads\/2025\/08\/simon2d028.jpg.webp 1600w\"\/><\/p>\n<p>Le <strong>Rugby Club Vannes<\/strong> est heureux d\u2019officialiser la prolongation de notre pilier <strong>Simon Bourgeois<\/strong>.<\/p>\n<p>Natif de Lisieux, en Normandie,\u00a0Simon Bourgeois prolonge en Bretagne jusqu\u2019en 2028.<\/p>\n<p>Form\u00e9 au RC Vannes, Simon a disput\u00e9 ses premi\u00e8res minutes en professionnel en 2022, totalisant aujourd\u2019hui 23 matchs sous nos couleurs.<\/p>\n<p>Auteur de solides prestations, l\u2019an pass\u00e9 en Top 14 et en Challenge Cup, Simon a fait le choix de se r\u00e9engager sur le long terme avec le RCV.<\/p>\n<p>Parall\u00e8lement \u00e0 sa carri\u00e8re de rugbyman, Simon m\u00e8ne aussi un remarquable double projet en suivant actuellement un Master en Ing\u00e9nierie de Conception \u00e0 l\u2019Universit\u00e9 de Bretagne Sud.<\/p>\n<p><strong>Simon Bourgeois<\/strong>\u00a0: \u00ab\u00a0Je suis tr\u00e8s heureux et enthousiaste de prolonger au RC Vannes. Continuer de participer \u00e0 la progression de ce club qui m\u2019a vu grandir est un privil\u00e8ge incroyable. Je suis impatient de retrouver nos supporters \u00e0 la Rabine pour vibrer avec eux.\u00a0\u00bb<\/p>\n","protected":false},"excerpt":{"rendered":"Le Rugby Club Vannes est heureux d\u2019officialiser la prolongation de notre pilier Simon Bourgeois. Natif de Lisieux, en&hellip;\n","protected":false},"author":2,"featured_media":312639,"comment_status":"","ping_status":"","sticky":false,"template":"","format":"standard","meta":{"footnotes":""},"categories":[1416],"tags":[1011,27,479,1468,60],"class_list":{"0":"post-312638","1":"post","2":"type-post","3":"status-publish","4":"format-standard","5":"has-post-thumbnail","7":"category-rugby","8":"tag-fr","9":"tag-france","10":"tag-rugby","11":"tag-rugby-football","12":"tag-sports"},"share_on_mastodon":{"url":"https:\/\/pubeurope.com\/@fr\/115012636791821243","error":""},"_links":{"self":[{"href":"https:\/\/www.europesays.com\/fr\/wp-json\/wp\/v2\/posts\/312638","targetHints":{"allow":["GET"]}}],"collection":[{"href":"https:\/\/www.europesays.com\/fr\/wp-json\/wp\/v2\/posts"}],"about":[{"href":"https:\/\/www.europesays.com\/fr\/wp-json\/wp\/v2\/types\/post"}],"author":[{"embeddable":true,"href":"https:\/\/www.europesays.com\/fr\/wp-json\/wp\/v2\/users\/2"}],"replies":[{"embeddable":true,"href":"https:\/\/www.europesays.com\/fr\/wp-json\/wp\/v2\/comments?post=312638"}],"version-history":[{"count":0,"href":"https:\/\/www.europesays.com\/fr\/wp-json\/wp\/v2\/posts\/312638\/revisions"}],"wp:featuredmedia":[{"embeddable":true,"href":"https:\/\/www.europesays.com\/fr\/wp-json\/wp\/v2\/media\/312639"}],"wp:attachment":[{"href":"https:\/\/www.europesays.com\/fr\/wp-json\/wp\/v2\/media?parent=312638"}],"wp:term":[{"taxonomy":"category","embeddable":true,"href":"https:\/\/www.europesays.com\/fr\/wp-json\/wp\/v2\/categories?post=312638"},{"taxonomy":"post_tag","embeddable":true,"href":"https:\/\/www.europesays.com\/fr\/wp-json\/wp\/v2\/tags?post=312638"}],"curies":[{"name":"wp","href":"https:\/\/api.w.org\/{rel}","templated":true}]}}