{"id":312645,"date":"2025-08-11T23:09:11","date_gmt":"2025-08-11T23:09:11","guid":{"rendered":"https:\/\/www.europesays.com\/fr\/312645\/"},"modified":"2025-08-11T23:09:11","modified_gmt":"2025-08-11T23:09:11","slug":"qui-est-andres-camilo-ardila-grand-vainqueur-du-tour-cycliste-de-guadeloupe-2025","status":"publish","type":"post","link":"https:\/\/www.europesays.com\/fr\/312645\/","title":{"rendered":"Qui est Andr\u00e9s Camilo Ardila, grand vainqueur du Tour cycliste de Guadeloupe 2025 ?"},"content":{"rendered":"<p>Arriv\u00e9 en Guadeloupe avec l\u2019\u00e9tiquette de grimpeur redoutable, Andr\u00e9s Camilo Ardila Ord\u00f3\u00f1ez a \u00e9t\u00e9 au rendez-vous. En jaune d\u00e8s la 5e \u00e9tape, le Colombien de la formation Nu Colombia et ses co\u00e9quipiers ont contr\u00f4l\u00e9 la course pour s\u2019offrir, ce dimanche 10 ao\u00fbt, la victoire finale du 74e Tour cycliste international de la Guadeloupe.<\/p>\n<p>\n\t\t\t\t                        Yasmina Yacou<br \/>\n            \t\t\t\t\u2022<\/p>\n<p>            Publi\u00e9 le 11 ao\u00fbt 2025 \u00e0 15h15,<br \/>\n                 mis \u00e0 jour le 11 ao\u00fbt 2025 \u00e0 15h24<\/p>\n<p>Apr\u00e8s une \u00e9dition 2024 marqu\u00e9e par la domination de la formation colombienne Sistecredito et la victoire de Kevin Castillo, beaucoup attendaient la NU Colombia de pied ferme pour la 74\u1d49 \u00e9dition du Tour cycliste international de Guadeloupe. Avec une id\u00e9e claire en t\u00eate, une nouvelle vague de grimpeurs d\u00e9barquait dans l\u2019archipel, pr\u00eate \u00e0 frapper fort.<\/p>\n<p>Pourtant, dans les premi\u00e8res ascensions, l\u2019\u00e9quipe peine \u00e0 convaincre. Certains commencent \u00e0 douter de ses v\u00e9ritables capacit\u00e9s.<\/p>\n<p>Mais le 6 ao\u00fbt, lors de la <a target=\"_blank\" rel=\"noopener nofollow\" href=\"https:\/\/la1ere.franceinfo.fr\/guadeloupe\/direct-tour-cycliste-de-guadeloupe-2025-suivez-l-etape-5-entre-baie-mahault-et-gourbeyre-depart-des-10-heures-1611372.html\">5e \u00e9tape entre Baie-Mahault et Gourbeyre<\/a>, le sc\u00e9nario change. L\u2019arriv\u00e9e \u00e0 Palmiste, tourne \u00e0 la d\u00e9monstration. <a target=\"_blank\" rel=\"noopener nofollow\" href=\"https:\/\/la1ere.franceinfo.fr\/guadeloupe\/classement-tour-cycliste-de-guadeloupe-2025-resultats-de-la-5eme-etape-et-point-sur-le-classement-general-1611495.html\">Jhonatan Chaves s\u2019impose en solitaire, juste devant son co\u00e9quipier Andr\u00e9s Ardila, qui en profite pour endosser le maillot jaune<\/a>. Un maillot qu\u2019il ne quittera plus jusqu\u2019\u00e0 la victoire finale.<\/p>\n<p>Le 9 ao\u00fbt, <a target=\"_blank\" rel=\"noopener nofollow\" href=\"https:\/\/la1ere.franceinfo.fr\/guadeloupe\/direct-tout-cycliste-de-guadeloupe-2025-suivez-l-etape-8-entre-vieux-habitants-et-baillif-depart-des-10-heures-1612254.html\">l\u2019\u00e9tape 8 entre Vieux-Habitants et Baillif<\/a> devient une v\u00e9ritable d\u00e9monstration. Dans la mont\u00e9e de Saint-Louis, apr\u00e8s un travail exceptionnel de son co\u00e9quipier Chaves, il place une attaque terrible, s\u2019envole vers une victoire en solitaire et <a target=\"_blank\" rel=\"noopener nofollow\" href=\"https:\/\/la1ere.franceinfo.fr\/guadeloupe\/classement-tour-cycliste-de-guadeloupe-2025-resultats-de-la-8-eme-etape-et-point-sur-le-classement-general-1612347.html\">met hors de port\u00e9e ses principaux rivaux<\/a>, dont Damien Urcel (TMCBE), pr\u00e9tendant au titre.<\/p>\n<p>                                    <img class=\"a-article__image lazy libre\" width=\"800\" height=\"450\" data-src=\"https:\/\/www.europesays.com\/fr\/wp-content\/uploads\/2025\/08\/whatsapp-image-2025-08-09-at-16-24-14-1-689a287008a79470242940.jpg\" style=\"--img-placeholder: url('\/assets\/img\/placeholders\/article-800-450.svg');\" alt=\"Andr\u00e9s Ardila (NU Colombia) filant vers la victoire, dans la mont\u00e9e de Saint-Louis, \u00e0 Baillif, sur la 8e \u00e9tape du Tour cycliste de Guadeloupe 2025\" aria-hidden=\"true\"\/><\/p>\n<p>                Andr\u00e9s Ardila (NU Colombia) filant vers la victoire, dans la mont\u00e9e de Saint-Louis, \u00e0 Baillif, sur la 8e \u00e9tape du Tour cycliste de Guadeloupe 2025<br \/>\n                     \u2022<br \/>\n                            \u00a9Kelyan Nazarin &#8211; Guadeloupe La 1\u00e8re<\/p>\n<p>Le 10 ao\u00fbt, lors de la <a target=\"_blank\" rel=\"noopener nofollow\" href=\"https:\/\/la1ere.franceinfo.fr\/guadeloupe\/direct-tour-cycliste-de-guadeloupe-2025-suivez-l-etape-9-entre-pointe-a-pitre-et-baie-mahault-depart-des-13-heures-1612524.html\">9e et derni\u00e8re \u00e9tape entre Pointe-\u00e0-Pitre et Baie-Mahault<\/a>, il se contente de contr\u00f4ler la course et de d\u00e9fendre son avance. Paul Daumont (GSC) s&rsquo;impose pour la deuxi\u00e8me fois sur la comp\u00e9tition.<\/p>\n<p>L\u2019essentiel est ailleurs pour le club colombien. <a target=\"_blank\" rel=\"noopener nofollow\" href=\"https:\/\/la1ere.franceinfo.fr\/guadeloupe\/tour-cycliste-de-guadeloupe-2025-le-colombien-andres-ardila-remporte-la-74e-edition-de-la-course-a-etape-1612563.html\">Ardila remporte le classement g\u00e9n\u00e9ral<\/a> avec ma\u00eetrise et offre \u00e0 NU Colombia un succ\u00e8s collectif autant que personnel.<\/p>\n<blockquote class=\"ftvi_content_quote\">\n<p class=\"ftvi_citation_quote\">Aujourd&rsquo;hui, je peux vraiment dire que je suis un champion. Je suis content d&rsquo;\u00eatre venu en Guadeloupe et d&rsquo;avoir gagn\u00e9, avec la gr\u00e2ce de Dieu et mes co\u00e9quipiers. Nous avons eu des jours compliqu\u00e9s, mais au final, nous avons r\u00e9ussi<\/p>\n<\/blockquote>\n<p>Ardila savoure aussi l\u2019accueil re\u00e7u sur les routes guadeloup\u00e9ennes. \u00ab\u00a0Le public \u00e9tait au rendez-vous. J&rsquo;ai vraiment appr\u00e9ci\u00e9\u00a0\u00bb dit-il dans un sourire.<\/p>\n<p>N\u00e9 le 2 juin 1999 \u00e0 Mariquita, en Colombie, Ardila s\u2019est rapidement impos\u00e9 comme l\u2019un des meilleurs grimpeurs de sa g\u00e9n\u00e9ration, remportant en 2019 le Tour d&rsquo;Italie Espoirs avec deux victoires d\u2019\u00e9tapes. Rep\u00e9r\u00e9 par les grandes formations, il rejoint ensuite UAE Team Emirates (2020-2022), la m\u00eame \u00e9quipe que Tadej Poga\u010dar. Apr\u00e8s une saison chez les Espagnols Burgos-BH, il signe en 2024 chez NU Colombia.<\/p>\n<p>Ce succ\u00e8s en Guadeloupe est une belle fa\u00e7on de retrouver confiance.<\/p>\n<p>                                    <img class=\"a-article__image lazy libre\" width=\"800\" height=\"450\" data-src=\"https:\/\/www.europesays.com\/fr\/wp-content\/uploads\/2025\/08\/whatsapp-image-2025-08-10-at-19-05-55-689a28cbdd938218489909.jpg\" style=\"--img-placeholder: url('\/assets\/img\/placeholders\/article-800-450.svg');\" alt=\"Podium de la 74e \u00e9dition du Tour cycliste de Guadeloupe : de gauche \u00e0 droite, Stefan Bennett (Martinique) 2e, Andr\u00e9s Ardila (NU Colombia), vainqueur et 3e Axel Taillandier (TMCBE), dimanche 10 ao\u00fbt 2025\" aria-hidden=\"true\"\/><\/p>\n<p>                Podium de la 74e \u00e9dition du Tour cycliste de Guadeloupe : de gauche \u00e0 droite, Stefan Bennett (Martinique) 2e, Andr\u00e9s Ardila (NU Colombia), vainqueur et 3e Axel Taillandier (TMCBE), dimanche 10 ao\u00fbt 2025<br \/>\n                     \u2022<br \/>\n                            \u00a9Kelyan Nazarin &#8211; Guadeloupe La 1\u00e8re<\/p>\n<blockquote class=\"ftvi_content_quote\">\n<p class=\"ftvi_citation_quote\">Chaque kilom\u00e8tre a compt\u00e9 pendant cette course. J&rsquo;ai donn\u00e9 mon maximum. Je suis fier d&rsquo;avoir pass\u00e9 cette ligne d&rsquo;arriv\u00e9e et je suis tr\u00e8s heureux.<\/p>\n<\/blockquote>\n<p>Et le Colombien a d&rsquo;ores et d\u00e9j\u00e0 donn\u00e9 rendez-vous aux Guadeloup\u00e9ens l&rsquo;an prochain.<\/p>\n<blockquote class=\"ftvi_content_quote\">\n<p class=\"ftvi_citation_quote\">Le Tour de la Guadeloupe est un tour qui r\u00e9ussit aux Colombiens. Et j&rsquo;esp\u00e8re \u00eatre l\u00e0 l&rsquo;ann\u00e9e prochaine avec toute mon \u00e9quipe pour pouvoir continuer \u00e0 repr\u00e9senter mon pays.<\/p>\n<\/blockquote>\n","protected":false},"excerpt":{"rendered":"Arriv\u00e9 en Guadeloupe avec l\u2019\u00e9tiquette de grimpeur redoutable, Andr\u00e9s Camilo Ardila Ord\u00f3\u00f1ez a \u00e9t\u00e9 au rendez-vous. En jaune&hellip;\n","protected":false},"author":2,"featured_media":312646,"comment_status":"","ping_status":"","sticky":false,"template":"","format":"standard","meta":{"footnotes":""},"categories":[1411],"tags":[1154,207,1011,27,60],"class_list":{"0":"post-312645","1":"post","2":"type-post","3":"status-publish","4":"format-standard","5":"has-post-thumbnail","7":"category-cyclisme","8":"tag-cycling","9":"tag-cyclisme","10":"tag-fr","11":"tag-france","12":"tag-sports"},"share_on_mastodon":{"url":"https:\/\/pubeurope.com\/@fr\/115012656576700452","error":""},"_links":{"self":[{"href":"https:\/\/www.europesays.com\/fr\/wp-json\/wp\/v2\/posts\/312645","targetHints":{"allow":["GET"]}}],"collection":[{"href":"https:\/\/www.europesays.com\/fr\/wp-json\/wp\/v2\/posts"}],"about":[{"href":"https:\/\/www.europesays.com\/fr\/wp-json\/wp\/v2\/types\/post"}],"author":[{"embeddable":true,"href":"https:\/\/www.europesays.com\/fr\/wp-json\/wp\/v2\/users\/2"}],"replies":[{"embeddable":true,"href":"https:\/\/www.europesays.com\/fr\/wp-json\/wp\/v2\/comments?post=312645"}],"version-history":[{"count":0,"href":"https:\/\/www.europesays.com\/fr\/wp-json\/wp\/v2\/posts\/312645\/revisions"}],"wp:featuredmedia":[{"embeddable":true,"href":"https:\/\/www.europesays.com\/fr\/wp-json\/wp\/v2\/media\/312646"}],"wp:attachment":[{"href":"https:\/\/www.europesays.com\/fr\/wp-json\/wp\/v2\/media?parent=312645"}],"wp:term":[{"taxonomy":"category","embeddable":true,"href":"https:\/\/www.europesays.com\/fr\/wp-json\/wp\/v2\/categories?post=312645"},{"taxonomy":"post_tag","embeddable":true,"href":"https:\/\/www.europesays.com\/fr\/wp-json\/wp\/v2\/tags?post=312645"}],"curies":[{"name":"wp","href":"https:\/\/api.w.org\/{rel}","templated":true}]}}