{"id":312647,"date":"2025-08-11T23:10:16","date_gmt":"2025-08-11T23:10:16","guid":{"rendered":"https:\/\/www.europesays.com\/fr\/312647\/"},"modified":"2025-08-11T23:10:16","modified_gmt":"2025-08-11T23:10:16","slug":"le-talk-les-girondins-et-irles-a-lepreuve-du-terrain-cedric-hengbart-avranches-invite","status":"publish","type":"post","link":"https:\/\/www.europesays.com\/fr\/312647\/","title":{"rendered":"Le Talk : les Girondins et Irl\u00e8s \u00e0 l&rsquo;\u00e9preuve du terrain, C\u00e9dric Hengbart (Avranches) invit\u00e9"},"content":{"rendered":"<p><img decoding=\"async\" src=\"https:\/\/www.europesays.com\/fr\/wp-content\/uploads\/2025\/08\/671_e3bb9dce4302ebe86647fc4a27f80639.jpg\" alt=\"Le Talk : les Girondins et Irl\u00e8s \u00e0 l'\u00e9preuve du terrain, C\u00e9dric Hengbart (Avranches) invit\u00e9\" class=\"img-responsive mt-3\"\/><\/p>\n<p class=\"text-center mb-3\" style=\"font-size: 14px\">\u00a9 Iconsport<\/p>\n<p>Cette \u00e9mission est plac\u00e9e sous le signe du d\u00e9bat, de l&rsquo;information et de l&rsquo;analyse.<\/p>\n<p>&gt;&gt; <strong><a href=\"https:\/\/www.youtube.com\/watch?v=ijGlNFr3w-4\" target=\"_blank\" rel=\"noopener\">\u00c9mission diffus\u00e9e sur la cha\u00eene YouTube de WebGirondins<\/a><\/strong><\/p>\n<p>Ce navigateur ne supporte pas les iframes<\/p>\n<p>Invit\u00e9 : C\u00e9dric Hengbart, entra\u00eeneur de l&rsquo;US Avranches futur adversaire des Girondins de Bordeaux.<\/p>\n<p class=\"p1\">Ils sont pr\u00e9sents : Le journaliste Samuel Vaslin, supporters et chroniqueurs Jonathan d&rsquo;Agostino, et Djino Fort\u00e9 avec Nicolas Pietrelli \u00e0 la pr\u00e9sentation et Conan pour le chat.<\/p>\n<p>\u00c9mission r\u00e9alis\u00e9e avec le <a href=\"https:\/\/fr.tipeee.com\/webgirondins\" target=\"_blank\" rel=\"noopener\">soutien des socios<\/a>.<\/p>\n<p class=\"p1\">Le gros programme :<\/p>\n<p class=\"p1\"><img decoding=\"async\" src=\"https:\/\/www.europesays.com\/fr\/wp-content\/uploads\/2025\/08\/INFOGRAPHIES E\u0301MISSIONS (24).jpg\" alt=\"INFOGRAPHIES E\u0301MISSIONS (24).jpg (141 KB)\" style=\"width:700px;max-width:100%;\"\/><\/p>\n<p class=\"p1\">\u00a0<\/p>\n","protected":false},"excerpt":{"rendered":"\u00a9 Iconsport Cette \u00e9mission est plac\u00e9e sous le signe du d\u00e9bat, de l&rsquo;information et de l&rsquo;analyse. &gt;&gt; \u00c9mission&hellip;\n","protected":false},"author":2,"featured_media":296796,"comment_status":"","ping_status":"","sticky":false,"template":"","format":"standard","meta":{"footnotes":""},"categories":[1410],"tags":[17295,1997,19659,13767,3233,1446,822,3947,63,1011,27,1987,45135,508,3212,7285,9865,3238,3946,3948,29390,9834,3467,60,5237,5234,3945,36319,5238],"class_list":{"0":"post-312647","1":"post","2":"type-post","3":"status-publish","4":"format-standard","5":"has-post-thumbnail","7":"category-football","8":"tag-avranches","9":"tag-bordeaux","10":"tag-bordelaise","11":"tag-cedric","12":"tag-championnat","13":"tag-dans","14":"tag-epreuve","15":"tag-faisons","16":"tag-football","17":"tag-fr","18":"tag-france","19":"tag-girondins","20":"tag-hengbart","21":"tag-invite","22":"tag-irles","23":"tag-jours","24":"tag-lundi","25":"tag-national","26":"tag-nous","27":"tag-point","28":"tag-preparation","29":"tag-reprise","30":"tag-soir","31":"tag-sports","32":"tag-suivez","33":"tag-talk","34":"tag-terrain","35":"tag-type","36":"tag-webgirondins"},"share_on_mastodon":{"url":"https:\/\/pubeurope.com\/@fr\/115012660451107116","error":""},"_links":{"self":[{"href":"https:\/\/www.europesays.com\/fr\/wp-json\/wp\/v2\/posts\/312647","targetHints":{"allow":["GET"]}}],"collection":[{"href":"https:\/\/www.europesays.com\/fr\/wp-json\/wp\/v2\/posts"}],"about":[{"href":"https:\/\/www.europesays.com\/fr\/wp-json\/wp\/v2\/types\/post"}],"author":[{"embeddable":true,"href":"https:\/\/www.europesays.com\/fr\/wp-json\/wp\/v2\/users\/2"}],"replies":[{"embeddable":true,"href":"https:\/\/www.europesays.com\/fr\/wp-json\/wp\/v2\/comments?post=312647"}],"version-history":[{"count":0,"href":"https:\/\/www.europesays.com\/fr\/wp-json\/wp\/v2\/posts\/312647\/revisions"}],"wp:featuredmedia":[{"embeddable":true,"href":"https:\/\/www.europesays.com\/fr\/wp-json\/wp\/v2\/media\/296796"}],"wp:attachment":[{"href":"https:\/\/www.europesays.com\/fr\/wp-json\/wp\/v2\/media?parent=312647"}],"wp:term":[{"taxonomy":"category","embeddable":true,"href":"https:\/\/www.europesays.com\/fr\/wp-json\/wp\/v2\/categories?post=312647"},{"taxonomy":"post_tag","embeddable":true,"href":"https:\/\/www.europesays.com\/fr\/wp-json\/wp\/v2\/tags?post=312647"}],"curies":[{"name":"wp","href":"https:\/\/api.w.org\/{rel}","templated":true}]}}