{"id":312648,"date":"2025-08-11T23:11:12","date_gmt":"2025-08-11T23:11:12","guid":{"rendered":"https:\/\/www.europesays.com\/fr\/312648\/"},"modified":"2025-08-11T23:11:12","modified_gmt":"2025-08-11T23:11:12","slug":"on-a-fait-tout-ce-quon-a-pu","status":"publish","type":"post","link":"https:\/\/www.europesays.com\/fr\/312648\/","title":{"rendered":"\u00ab\u00a0On a fait tout ce qu\u2019on a pu\u00a0\u00bb"},"content":{"rendered":"<p>        <img decoding=\"async\" loading=\"lazy\" src=\"https:\/\/www.europesays.com\/fr\/wp-content\/uploads\/2025\/08\/d880a92_1700061323437-f9nkl1gwkaa6-s.jpeg\"  width=\"728\" height=\"410\" alt=\"Jennifer Aniston avait partag\u00e9 cette photo avec Matthew Perry sur le tournage de \u00ab\u00a0Friends\u00a0\u00bb, au moment de sa mort.\"\/>  <\/p>\n<p>Instagram \/ Jennifer Aniston<\/p>\n<p>Jennifer Aniston avait partag\u00e9 cette photo avec Matthew Perry sur le tournage de \u00ab\u00a0Friends\u00a0\u00bb, au moment de sa mort.<\/p>\n<p class=\"asset asset-text\">PEOPLE &#8211; Un soutien sans faille tout au long de sa vie. Au cours d\u2019une interview \u00e0<a href=\"https:\/\/www.vanityfair.com\/hollywood\/story\/jennifer-aniston-cover-story\" target=\"_blank\" rel=\"noopener\" title=\"Nouvelle fen\u00eatre\"> Vanity Fair<\/a>, reprise par de nombreux m\u00e9dias britanniques et am\u00e9ricains ce lundi 11\u00a0ao\u00fbt, l\u2019actrice am\u00e9ricaine Jennifer Aniston a confi\u00e9 avoir \u00ab\u00a0pleur\u00e9\u00a0\u00bb <a href=\"https:\/\/www.huffingtonpost.fr\/culture\/article\/mort-de-matthew-perry-le-medecin-mark-chavez-plaide-coupable-et-s-evite-un-proces_240405.html\" target=\"_blank\" rel=\"noopener\" title=\"Nouvelle fen\u00eatre\">Matthew Perry<\/a> bien avant sa mort. Le com\u00e9dien est d\u00e9c\u00e9d\u00e9 en octobre\u00a02023, \u00e0 54\u00a0ans, d\u2019une <a href=\"https:\/\/www.huffingtonpost.fr\/international\/article\/mort-de-matthew-perry-au-moins-une-personne-arretee-aux-etats-unis-un-an-apres-sa-mort_238429.html\" target=\"_blank\" rel=\"noopener\" title=\"Nouvelle fen\u00eatre\">overdose<\/a> \u00e0 la k\u00e9tamine.<\/p>\n<p class=\"asset asset-text\">Celle qui partageait des moments forts avec Matthew Perry sur le tournage de<a href=\"https:\/\/www.huffingtonpost.fr\/culture\/article\/friends-pour-se-souvenir-de-matthew-perry-lisa-kudrow-regarde-a-nouveau-la-serie_236094.html\" target=\"_blank\" rel=\"noopener\"> Friends <\/a>explique avoir fait avec toute l\u2019\u00e9quipe de la s\u00e9rie \u00ab\u00a0tout ce que nous avons pu quand nous le pouvions\u00a0\u00bb pour l\u2019aider \u00e0 combattre son addiction \u00e0 la drogue.<\/p>\n<p class=\"asset asset-text\">\u00ab\u00a0J\u2019avais presque l\u2019impression que nous pleurions Matthew depuis longtemps, car son combat contre cette maladie \u00e9tait vraiment difficile \u00e0 mener pour lui. M\u00eame si cela a \u00e9t\u00e9 tr\u00e8s dur pour nous tous et pour les fans, une partie de moi pense que c\u2019est mieux ainsi\u00a0\u00bb, poursuit l\u2019interpr\u00e8te de Rachel Green dans la s\u00e9rie t\u00e9l\u00e9vis\u00e9e \u00e0 succ\u00e8s qui s\u2019est termin\u00e9e en 2004. \u00ab\u00a0Je suis heureuse qu\u2019il ne souffre plus.\u00a0\u00bb, conclut-elle.<\/p>\n<p class=\"asset asset-text\">Apr\u00e8s la mort de Matthew Perry il y a presque deux ans Jennifer Aniston avait rendu hommage \u00e0 son ancien partenaire \u00e0 l\u2019\u00e9cran en partageant un message qu\u2019il lui avait envoy\u00e9. Dans ce texte, celui qui jouait Chandler Bing\u00a0avait \u00e9crit\u00a0: \u00ab\u00a0Te faire rire a illumin\u00e9 ma journ\u00e9e. \u00c7a a illumin\u00e9 ma journ\u00e9e.\u00a0\u00bb Il avait \u00e9galement joint une photo d\u2019eux en train de rire sur le tournage de\u00a0Friends.<\/p>\n<p class=\"asset asset-text\">Matthew Perry a parl\u00e9 ouvertement de ses probl\u00e8mes d\u2019addiction tout au long de sa carri\u00e8re, notamment dans ses m\u00e9moires publi\u00e9es en 2022, Friends, Lovers And The Big Terrible Thing. Dans ce livre, il \u00e9voque \u00e9galement le soutien que Jennifer Aniston et ses partenaires de Friends lui ont apport\u00e9 pendant leur collaboration.<\/p>\n","protected":false},"excerpt":{"rendered":"Instagram \/ Jennifer Aniston Jennifer Aniston avait partag\u00e9 cette photo avec Matthew Perry sur le tournage de \u00ab\u00a0Friends\u00a0\u00bb,&hellip;\n","protected":false},"author":2,"featured_media":312649,"comment_status":"","ping_status":"","sticky":false,"template":"","format":"standard","meta":{"footnotes":""},"categories":[1359],"tags":[251,58,59,1011,27,37639,37640,45239,973],"class_list":{"0":"post-312648","1":"post","2":"type-post","3":"status-publish","4":"format-standard","5":"has-post-thumbnail","7":"category-people","8":"tag-culture","9":"tag-divertissement","10":"tag-entertainment","11":"tag-fr","12":"tag-france","13":"tag-friends","14":"tag-jennifer-aniston","15":"tag-matthew-perry","16":"tag-people"},"share_on_mastodon":{"url":"https:\/\/pubeurope.com\/@fr\/115012664213839758","error":""},"_links":{"self":[{"href":"https:\/\/www.europesays.com\/fr\/wp-json\/wp\/v2\/posts\/312648","targetHints":{"allow":["GET"]}}],"collection":[{"href":"https:\/\/www.europesays.com\/fr\/wp-json\/wp\/v2\/posts"}],"about":[{"href":"https:\/\/www.europesays.com\/fr\/wp-json\/wp\/v2\/types\/post"}],"author":[{"embeddable":true,"href":"https:\/\/www.europesays.com\/fr\/wp-json\/wp\/v2\/users\/2"}],"replies":[{"embeddable":true,"href":"https:\/\/www.europesays.com\/fr\/wp-json\/wp\/v2\/comments?post=312648"}],"version-history":[{"count":0,"href":"https:\/\/www.europesays.com\/fr\/wp-json\/wp\/v2\/posts\/312648\/revisions"}],"wp:featuredmedia":[{"embeddable":true,"href":"https:\/\/www.europesays.com\/fr\/wp-json\/wp\/v2\/media\/312649"}],"wp:attachment":[{"href":"https:\/\/www.europesays.com\/fr\/wp-json\/wp\/v2\/media?parent=312648"}],"wp:term":[{"taxonomy":"category","embeddable":true,"href":"https:\/\/www.europesays.com\/fr\/wp-json\/wp\/v2\/categories?post=312648"},{"taxonomy":"post_tag","embeddable":true,"href":"https:\/\/www.europesays.com\/fr\/wp-json\/wp\/v2\/tags?post=312648"}],"curies":[{"name":"wp","href":"https:\/\/api.w.org\/{rel}","templated":true}]}}