{"id":312650,"date":"2025-08-11T23:13:14","date_gmt":"2025-08-11T23:13:14","guid":{"rendered":"https:\/\/www.europesays.com\/fr\/312650\/"},"modified":"2025-08-11T23:13:14","modified_gmt":"2025-08-11T23:13:14","slug":"olivier-gilbert-ex-auxiliaire-de-vie-contraint-de-dormir-dans-sa-voiture-signe-deux-nouveaux-romans","status":"publish","type":"post","link":"https:\/\/www.europesays.com\/fr\/312650\/","title":{"rendered":"Olivier Gilbert, ex-auxiliaire de vie contraint de dormir dans sa voiture, signe deux nouveaux romans"},"content":{"rendered":"\n<p>Il y a un presque cinq ans de cela, Olivier Gilbert nous sollicitait pour m\u00e9diatiser sa situation. Celle alors d\u2019un auxiliaire de vie, qualifi\u00e9 de h\u00e9ros du quotidien pendant la p\u00e9riode du Covid, mais qui en est r\u00e9duit \u00e0 dormir dans sa voiture, faute de logement. La couverture du sujet par la presse et l\u2019\u00e9motion suscit\u00e9e vont lui ouvrir les portes du logement que lui promettait le bailleur social.<\/p>\n<p>Pour exorciser ses conditions de vie et de travail subis, m\u00eame s\u2019il poursuit le combat, il a recours aujourd\u2019hui \u00e0 la fiction. Et c\u2019est tant mieux.<\/p>\n<p>\u00ab\u00a0Les auxiliaires de vie continuent \u00e0 prendre soin des anciens, des accident\u00e9s de la vie, des personnes en perte d\u2019autonomie et isol\u00e9s pour leur redonner de la dignit\u00e9 et du courage, mais restent malgr\u00e9 les belles promesses des invisibles\u00a0\u00bb, s\u2019empresse-t-il de rappeler, avant de d\u00e9crire ses deux nouveaux romans\u00a0: 10,99\u00a0euros de l\u2019heure et \u00c0 bout puis debout. Ils sont actuellement en phase de correction chez l\u2019\u00e9diteur.<\/p>\n<p>Le premier \u00ab\u00a0100% humour noir\u00a0\u00bb, confie Olivier Gilbert, retrace l\u2019itin\u00e9raire d\u2019un aide \u00e0 domicile, exploit\u00e9 par une bo\u00eete maltraitante, qui p\u00e8te les plombs et se met \u00e0 jouer les justicier. \u00ab\u00a0Je voulais aborder le th\u00e8me des h\u00e9ros du quotidien sur un autre angle que le mis\u00e9rabilisme habituel\u00a0\u00bb, explique-t-il. Celui d\u2019un salari\u00e9 pr\u00e9caire mis au service d\u2019une client\u00e8le assez ais\u00e9e qui devient tueur en s\u00e9rie. \u00ab\u00a0Mais ce n\u2019est pas gore du tout\u00a0\u00bb, pr\u00e9vient-il. Plut\u00f4t dr\u00f4le, m\u00eame.<\/p>\n<p>Dans \u00c0 bout puis debout, on plonge au contraire dans le monde du burn-out, en suivant le combat d\u2019un salari\u00e9 pour remonter la pente et r\u00e9tablir la justice.<\/p>\n","protected":false},"excerpt":{"rendered":"Il y a un presque cinq ans de cela, Olivier Gilbert nous sollicitait pour m\u00e9diatiser sa situation. Celle&hellip;\n","protected":false},"author":2,"featured_media":312651,"comment_status":"","ping_status":"","sticky":false,"template":"","format":"standard","meta":{"footnotes":""},"categories":[1357],"tags":[45240,1379,58,59,1011,27,1380],"class_list":{"0":"post-312650","1":"post","2":"type-post","3":"status-publish","4":"format-standard","5":"has-post-thumbnail","7":"category-livres","8":"tag-aide-a-domicile","9":"tag-books","10":"tag-divertissement","11":"tag-entertainment","12":"tag-fr","13":"tag-france","14":"tag-livres"},"share_on_mastodon":{"url":"https:\/\/pubeurope.com\/@fr\/115012672305640291","error":""},"_links":{"self":[{"href":"https:\/\/www.europesays.com\/fr\/wp-json\/wp\/v2\/posts\/312650","targetHints":{"allow":["GET"]}}],"collection":[{"href":"https:\/\/www.europesays.com\/fr\/wp-json\/wp\/v2\/posts"}],"about":[{"href":"https:\/\/www.europesays.com\/fr\/wp-json\/wp\/v2\/types\/post"}],"author":[{"embeddable":true,"href":"https:\/\/www.europesays.com\/fr\/wp-json\/wp\/v2\/users\/2"}],"replies":[{"embeddable":true,"href":"https:\/\/www.europesays.com\/fr\/wp-json\/wp\/v2\/comments?post=312650"}],"version-history":[{"count":0,"href":"https:\/\/www.europesays.com\/fr\/wp-json\/wp\/v2\/posts\/312650\/revisions"}],"wp:featuredmedia":[{"embeddable":true,"href":"https:\/\/www.europesays.com\/fr\/wp-json\/wp\/v2\/media\/312651"}],"wp:attachment":[{"href":"https:\/\/www.europesays.com\/fr\/wp-json\/wp\/v2\/media?parent=312650"}],"wp:term":[{"taxonomy":"category","embeddable":true,"href":"https:\/\/www.europesays.com\/fr\/wp-json\/wp\/v2\/categories?post=312650"},{"taxonomy":"post_tag","embeddable":true,"href":"https:\/\/www.europesays.com\/fr\/wp-json\/wp\/v2\/tags?post=312650"}],"curies":[{"name":"wp","href":"https:\/\/api.w.org\/{rel}","templated":true}]}}