{"id":312658,"date":"2025-08-11T23:18:11","date_gmt":"2025-08-11T23:18:11","guid":{"rendered":"https:\/\/www.europesays.com\/fr\/312658\/"},"modified":"2025-08-11T23:18:11","modified_gmt":"2025-08-11T23:18:11","slug":"voici-les-conseils-dune-dermatologue-si-la-peau-pele-apres-un-coup-de-soleil","status":"publish","type":"post","link":"https:\/\/www.europesays.com\/fr\/312658\/","title":{"rendered":"voici les conseils d&rsquo;une dermatologue si la peau p\u00e8le apr\u00e8s un coup de soleil"},"content":{"rendered":"<p class=\"app_entry_lead\">\n                                    <a title=\"\u00a0\u00a9\u00a0123RF\" href=\"https:\/\/www.europesays.com\/fr\/wp-content\/uploads\/2025\/08\/78107742.jpg\" class=\"fancy\"><\/p>\n<p>                            <img loading=\"lazy\" decoding=\"async\" src=\"https:\/\/www.europesays.com\/fr\/wp-content\/uploads\/2025\/08\/78107742.jpg\" alt=\"&quot;Le t\u00e9moin d'un grave traumatisme&quot;\u00a0: voici les conseils d'une dermatologue si la peau p\u00e8le apr\u00e8s un coup de soleil\" width=\"1500\" height=\"907\"\/><\/p>\n<p>                    <\/a><br \/>\n                    Apr\u00e8s un gros coup de soleil, la peau a tendance \u00e0 peler. Que faut-il faire, et au contraire \u00e9viter de faire\u00a0? Voici les conseils pr\u00e9cieux d&rsquo;une dermatologue.\n            <\/p>\n<p>Apr\u00e8s un coup de soleil, parfois, la peau p\u00e8le.\u00a0Beaucoup adorent alors la satisfaction d&rsquo;arracher ces petits bouts de peau. Pourtant, ce ph\u00e9nom\u00e8ne est loin d&rsquo;\u00eatre anodin. \u00ab\u00a0Quand la peau est br\u00fbl\u00e9e, on va d\u00e9truire des cellules.\u00a0Ce sont des cellules br\u00fbl\u00e9es qui sont \u00e9limin\u00e9es.\u00a0C&rsquo;est le t\u00e9moin d&rsquo;un gros traumatisme\u00a0\u00bb, nous explique la Dr Isabelle Gallay, dermatologue et vice-pr\u00e9sidente du Syndicat national des dermatologues v\u00e9n\u00e9rologues.\u00a0<\/p>\n<p>\u00c9videmment, m\u00eame un coup de soleil qui ne finit pas par peler est d\u00e9j\u00e0 le signe que la peau a \u00e9t\u00e9 endommag\u00e9e, ce qui \u00e0 long terme peut notamment faire le nid d&rsquo;un cancer de la peau. \u00ab\u00a0Le coup de soleil est une alerte.\u00a0\u00c7a\u00a0veut dire qu&rsquo;on a pris une grosse dose d&rsquo;UV. C&rsquo;est surtout emb\u00eatant chez les enfants qui risquent d&rsquo;avoir des cellules souches ab\u00eem\u00e9es, qui plus tard peuvent donner lieu \u00e0 des cancers\u00a0\u00bb.<\/p>\n<p>Les coups de soleil pendant l&rsquo;enfance sont en effet un des facteurs de risque majeur de m\u00e9lanome, ainsi que le fait d&rsquo;avoir la peau claire, de nombreux grains de beaut\u00e9 et des ant\u00e9c\u00e9dents personnels ou familiaux de cancer de la peau. L&rsquo;exposition au soleil est \u00e0 l&rsquo;origine de la grande majorit\u00e9 des cancers de la peau, qu&rsquo;il s&rsquo;agisse des m\u00e9lanomes (les moins fr\u00e9quents mais les plus graves) ou des carcinomes (le cancer de la peau le plus courant).\u00a0<\/p>\n<p><img decoding=\"async\" alt=\"\" src=\"https:\/\/www.europesays.com\/fr\/wp-content\/uploads\/2025\/08\/78109014.jpg\"\/><br \/>\n\u00a9\u00a0123RF<\/p>\n<p>Alors que faut-il faire lorsqu&rsquo;on a la peau qui p\u00e8le apr\u00e8s un coup de soleil ? \u00ab\u00a0La peau est enflamm\u00e9e, dess\u00e9ch\u00e9e.\u00a0Il faut l&rsquo;hydrater \u00e9norm\u00e9ment\u00a0\u00bb, conseille la Dr Gallay. Pour cela, on peut utiliser une cr\u00e8me sp\u00e9ciale br\u00fblures, ou n&rsquo;importe quelle cr\u00e8me hydratante classique. Le petit conseil en plus de la dermatologue : mettre la cr\u00e8me au frigo pour qu&rsquo;elle soit plus fra\u00eeche, ce qui apporte une sensation tr\u00e8s agr\u00e9able sur une peau chauff\u00e9e !<\/p>\n<p>Il ne faut pas h\u00e9siter \u00e9galement \u00e0 mettre de l&rsquo;eau fra\u00eeche sur la peau. Il est aussi important de s&rsquo;hydrater en buvant beaucoup d&rsquo;eau. A l&rsquo;inverse, la dermatologue recommande d&rsquo;\u00e9viter d&rsquo;arracher la peau qui p\u00e8le, et \u00e9videmment d&rsquo;\u00e9viter le soleil puisque la peau y est alors encore plus sensible. Pour cela, on se met \u00e0 l&rsquo;ombre et\/ou on se prot\u00e8ge avec des v\u00eatements couvrants. Enfin, il suffit d&rsquo;un peu de patience : la peau redeviendra \u00e0 la normale au bout de quelques jours.<\/p>\n","protected":false},"excerpt":{"rendered":"Apr\u00e8s un gros coup de soleil, la peau a tendance \u00e0 peler. Que faut-il faire, et au contraire&hellip;\n","protected":false},"author":2,"featured_media":312659,"comment_status":"","ping_status":"","sticky":false,"template":"","format":"standard","meta":{"footnotes":""},"categories":[10],"tags":[1011,27,72,71],"class_list":{"0":"post-312658","1":"post","2":"type-post","3":"status-publish","4":"format-standard","5":"has-post-thumbnail","7":"category-sante","8":"tag-fr","9":"tag-france","10":"tag-health","11":"tag-sante"},"share_on_mastodon":{"url":"https:\/\/pubeurope.com\/@fr\/115012691955781694","error":""},"_links":{"self":[{"href":"https:\/\/www.europesays.com\/fr\/wp-json\/wp\/v2\/posts\/312658","targetHints":{"allow":["GET"]}}],"collection":[{"href":"https:\/\/www.europesays.com\/fr\/wp-json\/wp\/v2\/posts"}],"about":[{"href":"https:\/\/www.europesays.com\/fr\/wp-json\/wp\/v2\/types\/post"}],"author":[{"embeddable":true,"href":"https:\/\/www.europesays.com\/fr\/wp-json\/wp\/v2\/users\/2"}],"replies":[{"embeddable":true,"href":"https:\/\/www.europesays.com\/fr\/wp-json\/wp\/v2\/comments?post=312658"}],"version-history":[{"count":0,"href":"https:\/\/www.europesays.com\/fr\/wp-json\/wp\/v2\/posts\/312658\/revisions"}],"wp:featuredmedia":[{"embeddable":true,"href":"https:\/\/www.europesays.com\/fr\/wp-json\/wp\/v2\/media\/312659"}],"wp:attachment":[{"href":"https:\/\/www.europesays.com\/fr\/wp-json\/wp\/v2\/media?parent=312658"}],"wp:term":[{"taxonomy":"category","embeddable":true,"href":"https:\/\/www.europesays.com\/fr\/wp-json\/wp\/v2\/categories?post=312658"},{"taxonomy":"post_tag","embeddable":true,"href":"https:\/\/www.europesays.com\/fr\/wp-json\/wp\/v2\/tags?post=312658"}],"curies":[{"name":"wp","href":"https:\/\/api.w.org\/{rel}","templated":true}]}}