{"id":31266,"date":"2025-04-17T08:46:23","date_gmt":"2025-04-17T08:46:23","guid":{"rendered":"https:\/\/www.europesays.com\/fr\/31266\/"},"modified":"2025-04-17T08:46:23","modified_gmt":"2025-04-17T08:46:23","slug":"la-belle-pioche-dun-rct-qui-ne-ralentit-pas","status":"publish","type":"post","link":"https:\/\/www.europesays.com\/fr\/31266\/","title":{"rendered":"la belle pioche d\u2019un RCT qui ne ralentit pas"},"content":{"rendered":"<p>Le <strong><a data-ilj-link-preview=\"true\" data-excerpt=\"Le club de rugby de Toulon est un club professionnel fran\u00e7ais bas\u00e9 dans le d\u00e9partement du Var. Fond\u00e9 en 1908, il \u00e9volue en Top 14.&#013;&#010;Staff et pr\u00e9sidence :&#013;&#010;&#013;&#010; &#009;Pr\u00e9sident : Bernard Lema\u00eetre&#013;&#010; &#009;Entra\u00eeneur : Pierre Mignoni&#013;&#010;&#013;&#010;Palmar\u00e8s du RCT :&#013;&#010;Palmar\u00e8s du Rugby Club Toulonnais&#013;&#010;&#013;&#010;&#013;&#010;Comp\u00e9tition&#013;&#010;Titres&#013;&#010;Ann\u00e9es&#013;&#010;&#013;&#010;&#013;&#010;&#013;&#010;&#013;&#010;Championnat de France de premi\u00e8re division&#013;&#010;Champion (4)&#013;&#010;1931, 1987, 1992, 2014&#013;&#010;&#013;&#010;&#013;&#010;Championnat de France de deuxi\u00e8me division&#013;&#010;Champion (2)&#013;&#010;2005, 2008&#013;&#010;&#013;&#010;&#013;&#010;Coupe d&#039;Europe&#013;&#010;Champion (3)&#013;&#010;2013, 2014, 2015&#013;&#010;&#013;&#010;&#013;&#010;Challenge Cup&#013;&#010;Champion (1)&#013;&#010;2023\" href=\"https:\/\/www.xvovalie.com\/toulon\/\" target=\"_blank\" rel=\"noopener\">RCT<\/a><\/strong> continue de se montrer actif sur le march\u00e9 des <a href=\"https:\/\/www.xvovalie.com\/transferts\/\" target=\"_blank\" rel=\"noopener\">transferts<\/a>. Le club varois a boucl\u00e9 la venue de <strong>Mathis Fert\u00e9<\/strong>, jeune espoir du <strong><a data-ilj-link-preview=\"true\" data-excerpt=\"Le club de rugby de Brive, \u00e9galement connu sous le nom de CAB (Club Athl\u00e9tique Brive), est bas\u00e9 \u00e0 Brive-la-Gaillarde, dans le d\u00e9partement de la Corr\u00e8ze en France. Fond\u00e9 en 1910, le club est reconnu pour son histoire et sa tradition, avec notamment une victoire en 1997 en Coupe d&#039;Europe des clubs champions.&#013;&#010;&#013;&#010;Le club a \u00e9galement remport\u00e9 le championnat de France de rugby \u00e0 XV \u00e0 deux reprises, en 1949 et en 1998.\" href=\"https:\/\/www.xvovalie.com\/brive\/\" target=\"_blank\" rel=\"noopener\">CA Brive<\/a><\/strong>, pour les trois prochaines saisons. Un pari sur la jeunesse et la polyvalence, act\u00e9 malgr\u00e9 un contrat courant jusqu\u2019en <strong>2028<\/strong> avec le club corr\u00e9zien.<\/p>\n<p>Brive l\u00e2che sa p\u00e9pite, Toulon frappe fort<\/p>\n<p>Form\u00e9 \u00e0 <strong><a href=\"https:\/\/www.xvovalie.com\/tag\/ca-brive\/\" target=\"_blank\" rel=\"noopener\">Brive<\/a><\/strong>, o\u00f9 il a d\u00e9barqu\u00e9 en <strong>2018<\/strong>, Fert\u00e9 est vu comme l\u2019un des profils les plus prometteurs de sa g\u00e9n\u00e9ration. \u00c0 <strong>21 ans<\/strong>, il a d\u00e9j\u00e0 convaincu par sa maturit\u00e9, sa vista et surtout sa <strong>polyvalence<\/strong>. Il \u00e9tait li\u00e9 au CAB jusqu\u2019en 2028, mais <strong>un accord financier<\/strong> entre les deux clubs a permis de conclure l\u2019affaire. Le <strong>Stade Rochelais<\/strong>, \u00e9galement sur les rangs, a \u00e9t\u00e9 doubl\u00e9 dans la derni\u00e8re ligne droite.<\/p>\n<p>Le joueur ne rentre dans aucune case. Et c\u2019est pr\u00e9cis\u00e9ment ce qui a s\u00e9duit le RCT. Il a r\u00e9cemment encha\u00een\u00e9 <strong>sept matchs de rang \u00e0 la m\u00eal\u00e9e<\/strong> en <a href=\"https:\/\/www.xvovalie.com\/pro-d2\/\" target=\"_blank\" rel=\"noopener\">Pro D2<\/a>, mais peut aussi \u00e9voluer <strong>\u00e0 l\u2019arri\u00e8re, \u00e0 l\u2019aile ou m\u00eame au centre<\/strong>. Ce profil de <strong>joueur complet<\/strong>, mobile, cr\u00e9atif et capable de couvrir plusieurs postes, colle parfaitement aux besoins d\u2019un club comme Toulon, en qu\u00eate de <strong>solutions modulables<\/strong> dans un championnat toujours plus exigeant.<\/p>\n<p>Le RCT mise sur la jeunesse (et l\u2019avenir)<\/p>\n<p>Avec Fert\u00e9, Toulon poursuit son virage amorc\u00e9 depuis plusieurs mois : <strong>rajeunir l\u2019effectif<\/strong> tout en construisant un noyau de joueurs form\u00e9s en <a data-ilj-link-preview=\"true\" data-featured-image=\"\" data-excerpt=\"Depuis des d\u00e9cennies, ce sport a \u00e9t\u00e9 au c\u0153ur de nombreux \u00e9v\u00e9nements sportifs majeurs dans le pays, avec des \u00e9quipes de renomm\u00e9e mondiale comme le Stade Toulousain, l&#039;ASM Clermont Auvergne ou encore le Racing 92. La coupe du monde 2023 s&#039;organisant en France, la ferveur n&#039;a pas fini de monter... La France est \u00e9galement reconnue\u2026\" href=\"https:\/\/www.xvovalie.com\/xv-de-france\/\" target=\"_blank\" rel=\"noopener\">France<\/a>, <strong>JIFF<\/strong>. Avant lui, c\u2019est <strong>Patrick Tuifua (20 ans)<\/strong>, troisi\u00e8me-ligne puissant, qui avait sign\u00e9 \u00e0 la Rade. Ce genre de recrutement s\u2019inscrit dans une vraie logique de <strong>projection<\/strong>, \u00e0 la fois sportive et r\u00e9glementaire, pour les ann\u00e9es \u00e0 venir.<\/p>\n<p>Fert\u00e9 a tranch\u00e9 pour Toulon<\/p>\n<p>Courtis\u00e9, Fert\u00e9 avait aussi la possibilit\u00e9 de rejoindre <strong><a data-ilj-link-preview=\"true\" data-excerpt=\"Le club de rugby du Stade Rochelais, fond\u00e9 en 1906, \u00e9volue en Top 14.&#013;&#010;Staff et pr\u00e9sidence :&#013;&#010;&#013;&#010; &#009;Pr\u00e9sident : Vincent Merling&#013;&#010; &#009;Entra\u00eeneur : Ronan O&#039;Gara&#013;&#010;&#013;&#010;Palmar\u00e8s du Stade Rochelais :&#013;&#010;Palmar\u00e8s du Stade Rochelais&#013;&#010;&#013;&#010;&#013;&#010;Comp\u00e9tition&#013;&#010;R\u00e9sultat&#013;&#010;Ann\u00e9e(s)&#013;&#010;&#013;&#010;&#013;&#010;&#013;&#010;&#013;&#010;Coupe d&#039;Europe \/ Champions Cup&#013;&#010;Vainqueur&#013;&#010;2022, 2023&#013;&#010;&#013;&#010;&#013;&#010;Coupe d&#039;Europe \/ Champions Cup&#013;&#010;Finaliste&#013;&#010;2021&#013;&#010;&#013;&#010;&#013;&#010;Challenge europ\u00e9en&#013;&#010;Finaliste&#013;&#010;2019&#013;&#010;&#013;&#010;&#013;&#010;Championnat de France de premi\u00e8re division (Top 14)&#013;&#010;Vice-champion&#013;&#010;2021, 2023&#013;&#010;&#013;&#010;&#013;&#010;Championnat de France de premi\u00e8re division (Top 14)&#013;&#010;Demi-finaliste&#013;&#010;2017, 2019&#013;&#010;&#013;&#010;&#013;&#010;Championnat de France de deuxi\u00e8me division&#013;&#010;Vice-champion&#013;&#010;2010, 2014&#013;&#010;&#013;&#010;&#013;&#010;Coupe de la Ligue&#013;&#010;Vainqueur&#013;&#010;2002, 2003\" href=\"https:\/\/www.xvovalie.com\/stade-rochelais\/\" target=\"_blank\" rel=\"noopener\">La Rochelle<\/a><\/strong>, \u00e0 la recherche d\u2019un demi de m\u00eal\u00e9e depuis le d\u00e9part annonc\u00e9 (et d\u00e9sormais incertain) de <strong>Tawera Kerr-Barlow<\/strong>. Mais le joueur a choisi Toulon, s\u00e9duit par le projet et les perspectives offertes. Il pourrait s\u2019y stabiliser <strong>au poste de num\u00e9ro 9<\/strong>, son souhait affich\u00e9, mais son profil le rend \u00e9galement tr\u00e8s utile <strong>en sortie de banc ou dans une configuration de fin de match<\/strong> \u00e0 plusieurs arri\u00e8res mobiles.<\/p>\n<p>Serin dans le viseur ?<\/p>\n<p>Ce recrutement soul\u00e8ve aussi quelques questions c\u00f4t\u00e9 toulonnais. Avec Fert\u00e9 qui postule \u00e0 la m\u00eal\u00e9e, <strong>l\u2019avenir de <a href=\"https:\/\/www.xvovalie.com\/tag\/baptiste-serin\/\" target=\"_blank\" rel=\"noopener\">Baptiste Serin<\/a><\/strong> pourrait \u00eatre en jeu. Le staff pr\u00e9pare-t-il une transition ? En tout cas, certains y voient d\u00e9j\u00e0 un <strong>coup d\u2019avance strat\u00e9gique<\/strong> de la direction, dans un poste devenu tr\u00e8s concurrentiel.<\/p>\n<p>Une vraie bonne pioche pour la suite ?<\/p>\n<p>Toulon continue de tisser une toile ambitieuse pour la saison prochaine. L\u2019arriv\u00e9e de Fert\u00e9, au-del\u00e0 de sa dimension sportive, symbolise <strong>un changement de cap assum\u00e9<\/strong> : miser sur la jeunesse, la formation, et les profils capables de <strong>faire la diff\u00e9rence sur plusieurs postes<\/strong>. Si le staff parvient \u00e0 lui donner du rythme et une vraie place dans la rotation, <strong>il pourrait devenir un vrai facteur X<\/strong> dans les mois qui viennent.<\/p>\n<p>Source : <strong>L\u2019\u00c9quipe<\/strong><\/p>\n<p><img loading=\"lazy\" src=\"https:\/\/www.europesays.com\/fr\/wp-content\/uploads\/2025\/04\/whatsapp-image-2024-07-31-at-09.08.32-e1727245864215.jpeg\" height=\"100\" width=\"100\" class=\" sp-no-webp\" alt=\"whatsapp image 2024 07 31 at 09.08.32\" decoding=\"async\"\/> <\/p>\n<p>J\u2019ai grandi dans une famille o\u00f9 le rugby \u00e9tait de tous les moments. J\u2019\u00e9tais au bord du terrain quand Castres a battu Pau et a rejoint l\u2019\u00e9lite, j\u2019\u00e9tais dans le Stade Pierre Antoine face \u00e0 Gary Whetton quand il a fait son Haka pour c\u00e9l\u00e9brer le Brennus de 1993 et j\u2019ai toujours \u00e9t\u00e9 berc\u00e9 des l\u00e9gendes de ce sport. Maintenant, c\u2019est avec XV Ovalie que j\u2019entends prolonger l\u2019aventure. #TeamCO<\/p>\n","protected":false},"excerpt":{"rendered":"Le RCT continue de se montrer actif sur le march\u00e9 des transferts. Le club varois a boucl\u00e9 la&hellip;\n","protected":false},"author":2,"featured_media":31267,"comment_status":"","ping_status":"","sticky":false,"template":"","format":"standard","meta":{"footnotes":""},"categories":[9619],"tags":[1111,11,1777,674,1011,27,10661,12,882,8177,25,2310,10662],"class_list":{"0":"post-31266","1":"post","2":"type-post","3":"status-publish","4":"format-standard","5":"has-post-thumbnail","7":"category-toulon","8":"tag-actu","9":"tag-actualites","10":"tag-eu","11":"tag-europe","12":"tag-fr","13":"tag-france","14":"tag-mathis-fertu00e9","15":"tag-news","16":"tag-provence-alpes-cote-dazur","17":"tag-rc-toulon","18":"tag-republique-francaise","19":"tag-toulon","20":"tag-transferts"},"share_on_mastodon":{"url":"https:\/\/pubeurope.com\/@fr\/114352434977714644","error":""},"_links":{"self":[{"href":"https:\/\/www.europesays.com\/fr\/wp-json\/wp\/v2\/posts\/31266","targetHints":{"allow":["GET"]}}],"collection":[{"href":"https:\/\/www.europesays.com\/fr\/wp-json\/wp\/v2\/posts"}],"about":[{"href":"https:\/\/www.europesays.com\/fr\/wp-json\/wp\/v2\/types\/post"}],"author":[{"embeddable":true,"href":"https:\/\/www.europesays.com\/fr\/wp-json\/wp\/v2\/users\/2"}],"replies":[{"embeddable":true,"href":"https:\/\/www.europesays.com\/fr\/wp-json\/wp\/v2\/comments?post=31266"}],"version-history":[{"count":0,"href":"https:\/\/www.europesays.com\/fr\/wp-json\/wp\/v2\/posts\/31266\/revisions"}],"wp:featuredmedia":[{"embeddable":true,"href":"https:\/\/www.europesays.com\/fr\/wp-json\/wp\/v2\/media\/31267"}],"wp:attachment":[{"href":"https:\/\/www.europesays.com\/fr\/wp-json\/wp\/v2\/media?parent=31266"}],"wp:term":[{"taxonomy":"category","embeddable":true,"href":"https:\/\/www.europesays.com\/fr\/wp-json\/wp\/v2\/categories?post=31266"},{"taxonomy":"post_tag","embeddable":true,"href":"https:\/\/www.europesays.com\/fr\/wp-json\/wp\/v2\/tags?post=31266"}],"curies":[{"name":"wp","href":"https:\/\/api.w.org\/{rel}","templated":true}]}}