{"id":312667,"date":"2025-08-11T23:23:11","date_gmt":"2025-08-11T23:23:11","guid":{"rendered":"https:\/\/www.europesays.com\/fr\/312667\/"},"modified":"2025-08-11T23:23:11","modified_gmt":"2025-08-11T23:23:11","slug":"israel-assassine-six-journalistes-palestiniens-a-gaza-dont-le-celebre-reporter-anas-al-sharif-mediapart","status":"publish","type":"post","link":"https:\/\/www.europesays.com\/fr\/312667\/","title":{"rendered":"Isra\u00ebl assassine six journalistes palestiniens \u00e0 Gaza, dont le c\u00e9l\u00e8bre reporter Anas al-Sharif &#8211; Mediapart"},"content":{"rendered":"<ol>\n<li><a href=\"https:\/\/news.google.com\/rss\/articles\/CBMi3gFBVV95cUxPTEp3RlYwT19SMDh3UGdZTk0zZkc4dm5xamJMenQ3ZENxSC00UGozQ1dDTXRVZlJYWkdEWmRna0Q5aUFEUzJoTVdhMnlobEtIMFlzNWlmR3NmbFdSWmRDN1FGZFVEeTY1TGp5bGJyQ0I4WHg2SDc1MkVjcm8wMTd2aFZMS0g5RXV1dEhJaFdYMl81NTlsVUREUEtBTE1BY0dHS1hrTWFVWGY4cHl3NlV1WVdybndmWHVkdFNzSTkyUHl6RXA5SU83bWdFM3gwMmVZTkFpb21oSGoyckR0X1E?oc=5\" target=\"_blank\" rel=\"noopener\">Isra\u00ebl assassine six journalistes palestiniens \u00e0 Gaza, dont le c\u00e9l\u00e8bre reporter Anas al-Sharif<\/a>&nbsp;&nbsp;Mediapart<\/li>\n<li><a href=\"https:\/\/news.google.com\/rss\/articles\/CBMitwJBVV95cUxNeXp3REhYQlV4bFJwZS1uUENrelZYeHNiOW95MDVUWXUtN3lTQlVKQ2xXSlhrLWdKQkJhUF96eEhSa3p0dnVRVlVxQ2tkWGUyaUNQNTZXTG5jM2Q2clJTUVNTUjVFUEJRM2RwNDNoY2ZPUHZkc21NZEtJbFFsWmRlRUZsZXBKbkt0ZE1lRHlxamZwYUZqR2Z5cWpaenFXaUFWNWVuUXhMc1prX0dBOHlwVlJtVXZpS1BtQVpMQUN4cV8ySmhVX1pmUUNRdWNhOHZ5Q1BQMVBJb2VEbjJGVi1LVU13cGNYY29HRWt6MmFDU245NlJvMWZQbVlrcmVWR2VCWktLcW5zNmFEN2FHU2w3ZGJ6ZEhFdE5qZDhEbUNrd0NlVndqUkJRZHo4d0UyZzdLdWlSVW5Ebw?oc=5\" target=\"_blank\" rel=\"noopener\">Journalistes tu\u00e9s \u00e0 Gaza : Reporters sans fronti\u00e8res d\u00e9nonce un \u00ab\u00a0maquillage grossier pour essayer d&rsquo;\u00e9liminer des journalistes qui d\u00e9rangent\u00a0\u00bb<\/a>&nbsp;&nbsp;France Info<\/li>\n<li><a href=\"https:\/\/news.google.com\/rss\/articles\/CBMiuAFBVV95cUxPOUlWTXRsNlhDNzJLRGNyZDNzUm9kYlgwc1VFSEVzTkVDV3B5dWZnTnZuVC1iRk1XbHEtVWJYVlhVdWZrVXYtX1NpYTdxcENqZUZHeEVyY1ZQR3pKUnlfdXBWZ0x4WFpuRG9ZMnpFTE5oNW1GSGhjWkNuMG1ka2cxTWdsYWtJVGNrWmxyblRHR2ZzRDFKczNTWUxmREswbHV1c1FvQk9OUVZYel8wZXRPc2I2eWMybGhh0gG-AUFVX3lxTE9qQWdTRWVsQ3RPSlBfdVZSWjR2bklVVlVsTmRqbXpKMzhPal9FclZyUU9uYkxnX2J1Z3VlZlZoTWxkRWJncjJCSlJERkpRWGN2VTJOR21lanZXUXNITEdoSkUyc0UzQ1hPT1FNalBXMEd5YjQyUGpacUlnZHdVVE9pdHNtTnk4TjlMeFpJelNDM1pLbElXcXZEVVViYW9CeGJ4WHlaOTl0Q1FwSUc3MGlmcENpQzJrZ2NlZDhHSUE?oc=5\" target=\"_blank\" rel=\"noopener\">Gaza : la cheffe de la diplomatie de l&rsquo;UE condamne le meurtre de journalistes dans une frappe isra\u00eblienne<\/a>&nbsp;&nbsp;CNews<\/li>\n<li><a href=\"https:\/\/news.google.com\/rss\/articles\/CBMilwJBVV95cUxNSWw0QXdFWGVjc3pTdXdYb2duaXl4cVhIemQ5ZzNSenliVXZHeUZlUXRHbmhfamNMb3Z4WWhSQzZIckhTQTUwUHRRTVlSTk9RQTFNNE1vTjRKTVJ2RzBmX0hvQzhmMXR0bTZOVXJzRWE2VWtkV196bHU2RjM5TkhBd1N0RGNuNG1EM0h4R2EyQVpyNHRZU1o1SXBxc3RHT2YtalB0ME1EVUkwNWtjVHJ3Wk1JWkVEWkgwQUwtWUNVZ0xiekRtNlhnV3BheFd6dFRxbWhlR2FXZF9lTFc5QW9xYTE0MXlQTlhmcnp1Sk9LTFNCZlI3UVFhTFBvdElwMXBnWmllYWNTdWlkNmVTanZ4RHVJOVJXUjA?oc=5\" target=\"_blank\" rel=\"noopener\">\u00abIsra\u00ebl a r\u00e9ussi \u00e0 faire taire ma voix\u00bb : le c\u00e9l\u00e8bre journaliste d\u2019Al-Jazeera Anas al-Sharif tu\u00e9 \u00e0 Gaza<\/a>&nbsp;&nbsp;Lib\u00e9ration<\/li>\n<li><a href=\"https:\/\/news.google.com\/rss\/articles\/CBMipwJBVV95cUxOMkFnWUtRS1h2SUtkdm1yd1diSXhGLXRIMElQY1hpX1hEMWVjY1lLVExfU2plS25vNEQ3MUpBSWRIYWRhYUt1YU9rZVpXN0FHeXdDU18tUFI5b0ZwaExUNi1SOFN0SjloX01UckRWckY2VUFMSy1HRHAtWXFCYTV0THlvSG1rOGVFZDNibGNGRHRzQXhKMVZ5djUwbGF3UENwRlMzWW55NEJoWVEwd3piQWQwTGlmQXF1emJha2hWS2dvNWpvbG1DekdDV2JaQlZJc2xYbklOS3BUYXVMOXVGeUpnTFA4TmZfNkxBWE1kRHg5M0VReFBId3cxblJpVnhadWtSRjBLT045OHRZUmJTRmphUmY4WXRTeUYyV29tU0Z0UEZVQ2ZN?oc=5\" target=\"_blank\" rel=\"noopener\">\u00ab\u00a0Ciblage d\u00e9lib\u00e9r\u00e9\u00a0\u00bb, \u00ab\u00a0assassinat revendiqu\u00e9\u00a0\u00bb&#8230; Indignations apr\u00e8s la mort de six journalistes dans une frappe isra\u00e9lienne \u00e0 Gaza<\/a>&nbsp;&nbsp;BFMTV<\/li>\n<\/ol>\n","protected":false},"excerpt":{"rendered":"Isra\u00ebl assassine six journalistes palestiniens \u00e0 Gaza, dont le c\u00e9l\u00e8bre reporter Anas al-Sharif&nbsp;&nbsp;Mediapart Journalistes tu\u00e9s \u00e0 Gaza :&hellip;\n","protected":false},"author":2,"featured_media":312668,"comment_status":"","ping_status":"","sticky":false,"template":"","format":"standard","meta":{"footnotes":""},"categories":[5],"tags":[11,1011,27,665,9267,14,664,2957,12,31,28],"class_list":{"0":"post-312667","1":"post","2":"type-post","3":"status-publish","4":"format-standard","5":"has-post-thumbnail","7":"category-international","8":"tag-actualites","9":"tag-fr","10":"tag-france","11":"tag-gaza","12":"tag-genocide","13":"tag-international","14":"tag-israel","15":"tag-journaliste","16":"tag-news","17":"tag-proche-et-moyen-orient","18":"tag-world"},"share_on_mastodon":{"url":"https:\/\/pubeurope.com\/@fr\/115012711596778915","error":""},"_links":{"self":[{"href":"https:\/\/www.europesays.com\/fr\/wp-json\/wp\/v2\/posts\/312667","targetHints":{"allow":["GET"]}}],"collection":[{"href":"https:\/\/www.europesays.com\/fr\/wp-json\/wp\/v2\/posts"}],"about":[{"href":"https:\/\/www.europesays.com\/fr\/wp-json\/wp\/v2\/types\/post"}],"author":[{"embeddable":true,"href":"https:\/\/www.europesays.com\/fr\/wp-json\/wp\/v2\/users\/2"}],"replies":[{"embeddable":true,"href":"https:\/\/www.europesays.com\/fr\/wp-json\/wp\/v2\/comments?post=312667"}],"version-history":[{"count":0,"href":"https:\/\/www.europesays.com\/fr\/wp-json\/wp\/v2\/posts\/312667\/revisions"}],"wp:featuredmedia":[{"embeddable":true,"href":"https:\/\/www.europesays.com\/fr\/wp-json\/wp\/v2\/media\/312668"}],"wp:attachment":[{"href":"https:\/\/www.europesays.com\/fr\/wp-json\/wp\/v2\/media?parent=312667"}],"wp:term":[{"taxonomy":"category","embeddable":true,"href":"https:\/\/www.europesays.com\/fr\/wp-json\/wp\/v2\/categories?post=312667"},{"taxonomy":"post_tag","embeddable":true,"href":"https:\/\/www.europesays.com\/fr\/wp-json\/wp\/v2\/tags?post=312667"}],"curies":[{"name":"wp","href":"https:\/\/api.w.org\/{rel}","templated":true}]}}