{"id":312671,"date":"2025-08-11T23:25:22","date_gmt":"2025-08-11T23:25:22","guid":{"rendered":"https:\/\/www.europesays.com\/fr\/312671\/"},"modified":"2025-08-11T23:25:22","modified_gmt":"2025-08-11T23:25:22","slug":"en-ville-on-subit-beaucoup-plus-bordeaux-qui-a-battu-son-record-de-temperature-ecrasee-par-la-chaleur","status":"publish","type":"post","link":"https:\/\/www.europesays.com\/fr\/312671\/","title":{"rendered":"\u00ab\u00a0En ville, on subit beaucoup plus\u00a0\u00bb\u2026 Bordeaux, qui a battu son record de temp\u00e9rature, \u00e9cras\u00e9e par la chaleur"},"content":{"rendered":"<p>Bouteille d\u2019eau, cr\u00e8me solaire et brumisateur. C\u2019\u00e9tait le trio indispensable pour qui voulait (quand m\u00eame) s\u2019aventurer dans une promenade dans les rues de <a href=\"https:\/\/www.20minutes.fr\/bordeaux\/\" class=\"color-ultramarine c-link\" target=\"_blank\" rel=\"noopener\">Bordeaux<\/a>, ce lundi.<\/p>\n<blockquote class=\"twitter-tweet\" align=\"center\" data-lang=\"fr_FR\">\n<p lang=\"fr\" dir=\"ltr\">\ud83c\udf21 La vague de chaleur s\u2019intensifie en ce d\u00e9but de semaine. <\/p>\n<p>L\u2019\u00e9pisode caniculaire, en cours sur la moiti\u00e9 sud du pays avec un pic de chaleur remarquable ce lundi sur le Sud-Ouest, s&rsquo;\u00e9tend vers le Centre-Est et le Nord-Est demain mardi. <\/p>\n<p>\ud83d\udc49 <a href=\"https:\/\/t.co\/fWja4nqsj5\">https:\/\/t.co\/fWja4nqsj5<\/a> <a href=\"https:\/\/t.co\/Cfo3Bx2zvK\">pic.twitter.com\/Cfo3Bx2zvK<\/a><\/p>\n<p>\u2014 M\u00e9t\u00e9o-France (@meteofrance) <a href=\"https:\/\/twitter.com\/meteofrance\/status\/1954924473422922009?ref_src=twsrc%5Etfw\" target=\"_blank\" rel=\"noopener\">August 11, 2025<\/a><\/p><\/blockquote>\n<p class=\"mb-xxl@xs color-ultramarine font-weight-semi-bold@xs font-source-serif-pro heading-s@xs\">L\u2019acc\u00e8s \u00e0 ce contenu a \u00e9t\u00e9 bloqu\u00e9 afin de respecter votre choix de consentement<\/p>\n<p class=\"mb-m@xs text-l@xs\">En cliquant sur\u00ab J\u2019accepte \u00bb, vous acceptez le d\u00e9p\u00f4t de cookies par des services externes et aurez ainsi acc\u00e8s aux contenus de nos partenaires.<\/p>\n<p class=\"mb-xl@xs text-s@xs\">Plus d\u2019informations sur la page<a href=\"https:\/\/www.20minutes.fr\/gestion-cookies\" class=\"mx-xxs@xs color-ultramarine\" target=\"_blank\" rel=\"noopener\">Politique de gestion des cookies<\/a><\/p>\n<p>J\u2019accepte<\/p>\n<p>En plein \u00e9pisode de <a href=\"https:\/\/www.20minutes.fr\/dossier\/canicule\" class=\"color-ultramarine c-link\" target=\"_blank\" rel=\"noopener\">canicule<\/a> qui frappe la France, et en particulier le Sud-Ouest, le thermom\u00e8tre affichait en effet cet apr\u00e8s-midi, 41,6\u00a0\u00b0C dans la capitale de la Nouvelle-Aquitaine, <a href=\"https:\/\/meteofrance.com\/actualites-et-dossiers\/actualites\/vague-de-chaleur-feux-aout2025\" target=\"_blank\" class=\"color-ultramarine c-link\" rel=\"noopener\">a annonc\u00e9 M\u00e9t\u00e9o-France<\/a>, battant le pr\u00e9c\u00e9dent record qui \u00e9tait de 41,2\u00a0\u00b0C, remontant au 23\u00a0juillet 2019.<\/p>\n<p>\u00ab\u00a0On a beau \u00eatre du Sud-Ouest, on s\u2019est quand m\u00eame fait avoir\u00a0\u00bb<\/p>\n<p>La barre des 30\u00a0\u00b0C avait \u00e9t\u00e9 franchie dans la matin\u00e9e, et \u00e0 midi, le thermom\u00e8tre affichait d\u00e9j\u00e0 36\u00a0\u00b0C. Cons\u00e9quence\u00a0: sans \u00eatre d\u00e9serte, Bordeaux affichait tout de m\u00eame une fr\u00e9quentation bien moindre que d\u2019ordinaire, locaux et touristes pr\u00e9f\u00e9rant largement, lorsqu\u2019ils le pouvaient, se rendre \u00e0 l\u2019oc\u00e9an.<\/p>\n<p>Le miroir d\u2019eau, embl\u00e9matique am\u00e9nagement des quais de Bordeaux, face \u00e0 la place de la Bourse, et o\u00f9 l\u2019on peut faire trempette, a \u00e9t\u00e9 l\u2019un des principaux spots des touristes et des familles qui avaient d\u00e9cid\u00e9 de braver la chaleur, \u00e9crasante. \u00ab\u00a0On a beau \u00eatre du <a href=\"https:\/\/www.20minutes.fr\/dossier\/sud-ouest\" class=\"color-ultramarine c-link\" target=\"_blank\" rel=\"noopener\">Sud-Ouest<\/a> et habitu\u00e9es aux fortes chaleurs, on s\u2019est quand m\u00eame fait avoir\u00a0: on est sorties sans eau et sans brumisateur\u00a0\u00bb, l\u00e2che Maryl\u00e8ne, une Bordelaise qui fait visiter la ville \u00e0 son amie Kathleen, de Toulouse. Il est \u00e0 peine 11 heures, et les deux amies commencent d\u00e9j\u00e0 \u00e0 souffrir des temp\u00e9ratures qui ne cessent de grimper. \u00ab\u00a0On va donc tout de suite aller s\u2019\u00e9quiper, et apr\u00e8s, l\u2019id\u00e9e, \u00e7a va \u00eatre de se promener dans les endroits les plus frais de la ville, notamment les ruelles ombrag\u00e9es. On a aussi pr\u00e9vu d\u2019aller d\u00e9couvrir une nouvelle librairie, qui vient d\u2019ouvrir rue Saint-James.\u00a0\u00bb<\/p>\n<\/p>\n<p>\u00ab\u00a0On va aussi bien s\u2019hydrater et manger des glaces\u00a0\u00bb, ajoute Kathleen, qui reconna\u00eet que les deux amies auraient peut-\u00eatre mieux fait de se rendre \u00e0 la plage aujourd\u2019hui. \u00ab\u00a0On y est all\u00e9es samedi, on aurait d\u00fb faire l\u2019inverse.\u00a0\u00bb<\/p>\n<p>\u00ab\u00a0D\u00e8s cet apr\u00e8s-midi, je file dans les Landes me r\u00e9fugier dans une maison\u00a0\u00bb<\/p>\n<p>L\u00e9a, jeune bordelaise de la rive droite, est aussi all\u00e9e faire un tour au miroir d\u2019eau ce lundi matin. \u00ab\u00a0J\u2019habite un appartement situ\u00e9 dans un immeuble en pierre, un mat\u00e9riau qui absorbe la chaleur avant de la restituer, explique-t-elle. En ville, on subit beaucoup plus les canicules. Mais heureusement, j\u2019ai la chance d\u2019avoir de la famille \u00e0 la campagne, et d\u00e8s cet apr\u00e8s-midi, je file dans les Landes me r\u00e9fugier dans une maison. Je vais en profiter pour aller faire un saut \u00e0 l\u2019oc\u00e9an, o\u00f9 il y a un peu plus d\u2019air.\u00a0\u00bb La jeune femme estime que ces \u00e9pisodes de chaleur qui se r\u00e9p\u00e8tent et s\u2019intensifient ces derni\u00e8res ann\u00e9es, \u00ab\u00a0sont clairement anxiog\u00e8nes\u00a0\u00bb. \u00ab\u00a0Je suis convaincue que chacun d\u2019entre nous peut faire des petits gestes, \u00e0 son niveau, face au <a href=\"https:\/\/www.20minutes.fr\/dossier\/rechauffement-climatique\" class=\"color-ultramarine c-link\" target=\"_blank\" rel=\"noopener\">r\u00e9chauffement climatique<\/a>, mais il est aussi \u00e9vident que nous sommes face \u00e0 des enjeux bien plus grands qui nous d\u00e9passent.\u00a0\u00bb<\/p>\n<p>Lorraine, originaire de Bordeaux, mais qui habite d\u00e9sormais Lille, est de retour dans sa ville natale pour quelques jours de vacances. \u00ab\u00a0Je r\u00e9side chez mes parents qui habitent Gradignan. On profite de la matin\u00e9e o\u00f9 les temp\u00e9ratures sont encore supportables, pour visiter la ville, mais \u00e0 partir de midi on retourne dans leur maison, pour b\u00e9n\u00e9ficier notamment d\u2019une petite piscine gonflable pour notre enfant. C\u2019est ce qu\u2019il faut pour supporter cette canicule, m\u00eame si on fait aussi attention \u00e0 notre consommation d\u2019eau.\u00a0\u00bb Julien, un Normand de 33 ans en vacances dans la r\u00e9gion avec sa femme et son fils, va aussi, apr\u00e8s avoir pass\u00e9 la matin\u00e9e dans Bordeaux, trouver refuge dans la maison qu\u2019il loue durant son s\u00e9jour, \u00ab\u00a0o\u00f9 il y a la clim et une petite piscine\u00a0\u00bb.<\/p>\n<p>Brumisateurs, fontaines \u00e0 eau, et horaires des parcs et piscines \u00e9largis<\/p>\n<p>En raison de cette vigilance rouge en cours, la ville de Bordeaux est en \u00ab\u00a0alerte maximum\u00a0\u00bb. \u00ab\u00a0On a une vague caniculaire qui a commenc\u00e9 d\u00e8s vendredi, avec d\u2019abord une alerte jaune, qui est pass\u00e9e en orange et maintenant en rouge. La journ\u00e9e de mardi sera aussi class\u00e9e rouge avant que les temp\u00e9ratures ne redescendent un peu mercredi, mais cela va remonter en fin de semaine, o\u00f9 l\u2019on aura de nouveau des 39\u00a0\u00b0C, 40\u00a0\u00b0C. Nous sommes donc dans une p\u00e9riode particuli\u00e8re, durant laquelle il faut qu\u2019on soit extr\u00eamement mobilis\u00e9s et vigilants, car cela fatigue les organismes\u00a0\u00bb, explique St\u00e9phane Pfeiffer, adjoint au maire de Bordeaux charg\u00e9 de l\u2019urbanisme r\u00e9silient, de l\u2019habitat et de l\u2019\u00e9conomie sociale et solidaire.<\/p>\n<p>La ville a notamment mis en \u0153uvre des politiques de pr\u00e9vention \u00e0 destination des publics les plus fragiles, notamment les <a href=\"https:\/\/www.20minutes.fr\/dossier\/personnes_agees\" class=\"color-ultramarine c-link\" target=\"_blank\" rel=\"noopener\">personnes \u00e2g\u00e9es<\/a>, \u00ab\u00a0avec un fichier de 3.600 personnes de plus de 70 ans \u00e0 appeler\u00a0\u00bb.<\/p>\n<p>La municipalit\u00e9 a \u00e9galement entam\u00e9 un travail pour \u00ab\u00a0adapter la ville\u00a0\u00bb face au changement climatique. \u00ab\u00a0Nous avons notamment lanc\u00e9 un plan de v\u00e9g\u00e9talisation, avec 57.000 arbres suppl\u00e9mentaires\u2026 La difficult\u00e9 sur le centre ancien, est que l\u2019on est devant la n\u00e9cessit\u00e9 de la pr\u00e9servation et la valorisation du patrimoine, la <a href=\"https:\/\/www.20minutes.fr\/planete\/4021542-20230201-urbanisme-vegetaliser-villes-permettrait-reduire-mortalite-liee-canicules-selon-etude\" class=\"color-ultramarine c-link\" target=\"_blank\" rel=\"noopener\">v\u00e9g\u00e9talisation<\/a> n\u2019est donc pas toujours autoris\u00e9e par l\u2019architecte des b\u00e2timents de France. Sur l\u2019ensemble des quartiers nous avons quand m\u00eame r\u00e9ussi \u00e0 cr\u00e9er des espaces de fra\u00eecheur.\u00a0\u00bb<\/p>\n<p>Des brumisateurs et des fontaines \u00e0 eau sont par ailleurs d\u00e9ploy\u00e9s dans les espaces publics, tandis que les horaires des parcs et jardins sont \u00e9tendus jusqu\u2019\u00e0 23 heures, ceux des piscines, jusqu\u2019\u00e0 20 heures. Et la surveillance de baignade \u00e0 la plage de Bordeaux Lac est maintenue jusqu\u2019\u00e0 20 heures. Certaines cours d\u2019\u00e9cole v\u00e9g\u00e9talis\u00e9es, comme l\u2019\u00e9cole du quartier Brazza, sont par ailleurs ouvertes durant les week-ends et les vacances, dans le cadre d\u2019une exp\u00e9rimentation. \u00ab\u00a0Cela permet \u00e0 des habitants qui ne b\u00e9n\u00e9ficient pas d\u2019espace ext\u00e9rieur chez eux, d\u2019en profiter\u00a0\u00bb, pointe l\u2019\u00e9lu.<\/p>\n<p>\u00ab\u00a0Nous sommes face \u00e0 un enjeu \u00e9norme pour rafra\u00eechir la ville, observe l\u2019\u00e9lu, et cela prend du temps, car nos villes ont pris du retard par rapport \u00e0 l\u2019acc\u00e9l\u00e9ration du r\u00e9chauffement climatique.\u00a0\u00bb<\/p>\n<p><script async src=\"https:\/\/platform.twitter.com\/widgets.js\" charset=\"utf-8\"><\/script><\/p>\n","protected":false},"excerpt":{"rendered":"Bouteille d\u2019eau, cr\u00e8me solaire et brumisateur. C\u2019\u00e9tait le trio indispensable pour qui voulait (quand m\u00eame) s\u2019aventurer dans une&hellip;\n","protected":false},"author":2,"featured_media":312672,"comment_status":"","ping_status":"","sticky":false,"template":"","format":"standard","meta":{"footnotes":""},"categories":[2],"tags":[11,3177,1997,6698,13208,1011,27,2905,12,2219,52,5140,602],"class_list":{"0":"post-312671","1":"post","2":"type-post","3":"status-publish","4":"format-standard","5":"has-post-thumbnail","7":"category-actualites","8":"tag-actualites","9":"tag-aquitaine","10":"tag-bordeaux","11":"tag-canicule","12":"tag-chaleur","13":"tag-fr","14":"tag-france","15":"tag-gironde","16":"tag-news","17":"tag-nouvelle-aquitaine","18":"tag-planete","19":"tag-rechauffement-climatique","20":"tag-tourisme"},"share_on_mastodon":{"url":"https:\/\/pubeurope.com\/@fr\/115012719526767540","error":""},"_links":{"self":[{"href":"https:\/\/www.europesays.com\/fr\/wp-json\/wp\/v2\/posts\/312671","targetHints":{"allow":["GET"]}}],"collection":[{"href":"https:\/\/www.europesays.com\/fr\/wp-json\/wp\/v2\/posts"}],"about":[{"href":"https:\/\/www.europesays.com\/fr\/wp-json\/wp\/v2\/types\/post"}],"author":[{"embeddable":true,"href":"https:\/\/www.europesays.com\/fr\/wp-json\/wp\/v2\/users\/2"}],"replies":[{"embeddable":true,"href":"https:\/\/www.europesays.com\/fr\/wp-json\/wp\/v2\/comments?post=312671"}],"version-history":[{"count":0,"href":"https:\/\/www.europesays.com\/fr\/wp-json\/wp\/v2\/posts\/312671\/revisions"}],"wp:featuredmedia":[{"embeddable":true,"href":"https:\/\/www.europesays.com\/fr\/wp-json\/wp\/v2\/media\/312672"}],"wp:attachment":[{"href":"https:\/\/www.europesays.com\/fr\/wp-json\/wp\/v2\/media?parent=312671"}],"wp:term":[{"taxonomy":"category","embeddable":true,"href":"https:\/\/www.europesays.com\/fr\/wp-json\/wp\/v2\/categories?post=312671"},{"taxonomy":"post_tag","embeddable":true,"href":"https:\/\/www.europesays.com\/fr\/wp-json\/wp\/v2\/tags?post=312671"}],"curies":[{"name":"wp","href":"https:\/\/api.w.org\/{rel}","templated":true}]}}