{"id":312683,"date":"2025-08-11T23:33:12","date_gmt":"2025-08-11T23:33:12","guid":{"rendered":"https:\/\/www.europesays.com\/fr\/312683\/"},"modified":"2025-08-11T23:33:12","modified_gmt":"2025-08-11T23:33:12","slug":"previsions-du-mardi-12-aout-2025","status":"publish","type":"post","link":"https:\/\/www.europesays.com\/fr\/312683\/","title":{"rendered":"pr\u00e9visions du mardi 12 ao\u00fbt 2025"},"content":{"rendered":"<p>Un superbe soleil brillera sur Montpellier, o\u00f9 la journ\u00e9e s&rsquo;annoncera des plus plaisantes. Les temp\u00e9ratures s&rsquo;\u00e9chelonneront de 23 \u00e0 32\u00b0C. Un vent de sud soufflera un peu, avec 10 km\/h. La ville va conna\u00eetre, le matin, un passage d&rsquo;importantes chaleurs avec des valeurs qui rejoindront parfois les 32\u00b0C. La p\u00e9riode de grosses chaleurs est bien l\u00e0, avec des temp\u00e9ratures qui risqueront d&rsquo;aller jusqu&rsquo;\u00e0 32\u00b0C l&rsquo;apr\u00e8s-midi. Une nuit claire vous attendra entre mardi et mercredi.<\/p>\n<p>Demain, un beau soleil rayonnera sur Montpellier. Une baisse des temp\u00e9ratures est attendue. Prenez garde \u00e0 la vague de chaleur. Des valeurs de 22 \u00e0 31\u00b0C sont annonc\u00e9es. Les temp\u00e9ratures afficheront entre 22 et 31\u00b0C. Les fortes chaleurs sont pr\u00e9sentes. Avec des valeurs comprises entre 23 et 31\u00b0C. Un vent de nord-est soufflera doucement dans la matin\u00e9e. Les temp\u00e9ratures maximales pr\u00e9vues demain apr\u00e8s-midi sont \u00e9lev\u00e9es, avec 31\u00b0C. Les valeurs s&rsquo;\u00e9chelonneront entre 28 et 31\u00b0C. Il faudra pr\u00e9voir des perturbations demain soir, les Montpelli\u00e9rains se retrouveront sous des pluies \u00e9parses. Les temp\u00e9ratures avoisineront les 25\u00b0C. Une l\u00e9g\u00e8re brise de nord-est sera ressentie par les habitants.<\/p>\n<p>Les jours qui suivent s&rsquo;annoncent similaires. Des temp\u00e9ratures dans les 32\u00b0C iront de pair avec un ciel ensoleill\u00e9.<\/p>\n<p>Prenez vos dispositions face au coup de chaud : il faut se rappeler de boire, \u00e9viter de s&rsquo;exposer au soleil pendant les heures les plus chaudes et se rafra\u00eechir avec un brumisateur ou un linge mouill\u00e9. Soyez attentif aux personnes sensibles dans votre entourage.<\/p>\n","protected":false},"excerpt":{"rendered":"Un superbe soleil brillera sur Montpellier, o\u00f9 la journ\u00e9e s&rsquo;annoncera des plus plaisantes. Les temp\u00e9ratures s&rsquo;\u00e9chelonneront de 23&hellip;\n","protected":false},"author":2,"featured_media":312684,"comment_status":"","ping_status":"","sticky":false,"template":"","format":"standard","meta":{"footnotes":""},"categories":[9599],"tags":[1111,11,1777,674,1011,27,7089,2681,2208,12,2680,2119,25],"class_list":{"0":"post-312683","1":"post","2":"type-post","3":"status-publish","4":"format-standard","5":"has-post-thumbnail","7":"category-montpellier","8":"tag-actu","9":"tag-actualites","10":"tag-eu","11":"tag-europe","12":"tag-fr","13":"tag-france","14":"tag-herault","15":"tag-languedoc-roussillon","16":"tag-montpellier","17":"tag-news","18":"tag-occitanie","19":"tag-previsions-meteo","20":"tag-republique-francaise"},"share_on_mastodon":{"url":"https:\/\/pubeurope.com\/@fr\/115012750721430390","error":""},"_links":{"self":[{"href":"https:\/\/www.europesays.com\/fr\/wp-json\/wp\/v2\/posts\/312683","targetHints":{"allow":["GET"]}}],"collection":[{"href":"https:\/\/www.europesays.com\/fr\/wp-json\/wp\/v2\/posts"}],"about":[{"href":"https:\/\/www.europesays.com\/fr\/wp-json\/wp\/v2\/types\/post"}],"author":[{"embeddable":true,"href":"https:\/\/www.europesays.com\/fr\/wp-json\/wp\/v2\/users\/2"}],"replies":[{"embeddable":true,"href":"https:\/\/www.europesays.com\/fr\/wp-json\/wp\/v2\/comments?post=312683"}],"version-history":[{"count":0,"href":"https:\/\/www.europesays.com\/fr\/wp-json\/wp\/v2\/posts\/312683\/revisions"}],"wp:featuredmedia":[{"embeddable":true,"href":"https:\/\/www.europesays.com\/fr\/wp-json\/wp\/v2\/media\/312684"}],"wp:attachment":[{"href":"https:\/\/www.europesays.com\/fr\/wp-json\/wp\/v2\/media?parent=312683"}],"wp:term":[{"taxonomy":"category","embeddable":true,"href":"https:\/\/www.europesays.com\/fr\/wp-json\/wp\/v2\/categories?post=312683"},{"taxonomy":"post_tag","embeddable":true,"href":"https:\/\/www.europesays.com\/fr\/wp-json\/wp\/v2\/tags?post=312683"}],"curies":[{"name":"wp","href":"https:\/\/api.w.org\/{rel}","templated":true}]}}