{"id":312685,"date":"2025-08-11T23:34:11","date_gmt":"2025-08-11T23:34:11","guid":{"rendered":"https:\/\/www.europesays.com\/fr\/312685\/"},"modified":"2025-08-11T23:34:11","modified_gmt":"2025-08-11T23:34:11","slug":"montpellier-maintient-le-lien-malgre-les-appels-a-rompre","status":"publish","type":"post","link":"https:\/\/www.europesays.com\/fr\/312685\/","title":{"rendered":"Montpellier maintient le lien malgr\u00e9 les appels \u00e0 rompre"},"content":{"rendered":"\n<p>Aussi tardive soit-elle, l\u2019annonce d\u2019Emmanuel Macron visant \u00e0 reconna\u00eetre l\u2019\u00c9tat palestinien a confort\u00e9 la France insoumise dans son combat. Voil\u00e0 d\u00e9j\u00e0 plus d\u2019un an que les \u00e9lus LFI exhortent le maire de Montpellier \u00e0 cesser le jumelage avec la ville isra\u00e9lienne de Tib\u00e9riade.<\/p>\n<p>Les d\u00e9put\u00e9s Nathalie Oziol et Sylvain Carri\u00e8re avaient initi\u00e9 cette requ\u00eate d\u00e8s janvier\u00a02024, au lendemain de la saisine de la Cour internationale de Justice et du mandat d\u2019arr\u00eat \u00e9mis contre le premier ministre isra\u00e9lien Benjamin Netanyahu. Une demande r\u00e9it\u00e9r\u00e9e lors du conseil municipal du 24 juin dernier, \u00e0 travers la voix de l\u2019\u00e9lue d\u2019opposition Alenka Doulain, puis le 25 juillet par le biais d\u2019un communiqu\u00e9 des chefs de file locaux de LFI, aussit\u00f4t soutenus par les \u00c9cologistes de Montpellier. \u00ab\u00a0De nombreuses villes ont d\u00e9j\u00e0 pris leurs responsabilit\u00e9s. Pourquoi le maire de Montpellier n\u2019agit-il toujours pas\u00a0? (&#8230;) Les mots sans actes reviennent \u00e0 ne rien faire et \u00e0 invisibiliser le g\u00e9nocide\u00a0\u00bb, s\u2019indignent les \u00e9lus.<\/p>\n<p>Contact\u00e9e, la municipalit\u00e9 assure rester sur la position du 24\u00a0juin. \u00ab\u00a0Nous ne souhaitons pas rompre nos jumelages\u00a0\u00bb, avait martel\u00e9 le maire ce jour-l\u00e0. \u00ab\u00a0On fait quoi avec Chengdu\u00a0? On fait quoi avec Louisville de Trump\u00a0? On essaie de dialoguer et c\u2019est \u00e7a notre r\u00f4le. Si on veut rompre tous les ponts qui permettent le dialogue, on donnera raison \u00e0 toutes les forces qui cultivent l\u2019affrontement. Moi je crois qu\u2019on peut ne pas \u00eatre d\u2019accord mais essayer de se parler.\u00a0\u00bb Le maire DVG de Marseille, Beno\u00eet Payan a la m\u00eame position. S\u2019il maintient le jumelage avec Ha\u00effa, \u00e9galement au nom du dialogue, il entend sceller des jumelages avec deux villes palestiniennes. Montpellier et Marseille ne suivent donc pas l\u2019exemple de Barcelone qui a rompu avec Tel Aviv, de Bordeaux avec Ashdod, de La Rochelle avec Akko, ou de Strasbourg avec Ramat Gan.<\/p>\n<p>Pourtant, en 2022, Montpellier avait cess\u00e9 ses relations diplomatiques avec la ville russe d\u2019Obninsk au lendemain de l\u2019agression en Ukraine.<\/p>\n<p>Fin juin, le collectif Cause commune<br \/>a lanc\u00e9 une p\u00e9tition (plus de 2\u00a0100 signatures \u00e0 ce jour).<br \/>\u00c0 retrouver sur la plateforme qomon.org<\/p>\n","protected":false},"excerpt":{"rendered":"Aussi tardive soit-elle, l\u2019annonce d\u2019Emmanuel Macron visant \u00e0 reconna\u00eetre l\u2019\u00c9tat palestinien a confort\u00e9 la France insoumise dans son&hellip;\n","protected":false},"author":2,"featured_media":312686,"comment_status":"","ping_status":"","sticky":false,"template":"","format":"standard","meta":{"footnotes":""},"categories":[9599],"tags":[1111,11,1777,674,1011,27,3547,2208,12,2680,25],"class_list":{"0":"post-312685","1":"post","2":"type-post","3":"status-publish","4":"format-standard","5":"has-post-thumbnail","7":"category-montpellier","8":"tag-actu","9":"tag-actualites","10":"tag-eu","11":"tag-europe","12":"tag-fr","13":"tag-france","14":"tag-jumelage","15":"tag-montpellier","16":"tag-news","17":"tag-occitanie","18":"tag-republique-francaise"},"share_on_mastodon":{"url":"https:\/\/pubeurope.com\/@fr\/115012754684239806","error":""},"_links":{"self":[{"href":"https:\/\/www.europesays.com\/fr\/wp-json\/wp\/v2\/posts\/312685","targetHints":{"allow":["GET"]}}],"collection":[{"href":"https:\/\/www.europesays.com\/fr\/wp-json\/wp\/v2\/posts"}],"about":[{"href":"https:\/\/www.europesays.com\/fr\/wp-json\/wp\/v2\/types\/post"}],"author":[{"embeddable":true,"href":"https:\/\/www.europesays.com\/fr\/wp-json\/wp\/v2\/users\/2"}],"replies":[{"embeddable":true,"href":"https:\/\/www.europesays.com\/fr\/wp-json\/wp\/v2\/comments?post=312685"}],"version-history":[{"count":0,"href":"https:\/\/www.europesays.com\/fr\/wp-json\/wp\/v2\/posts\/312685\/revisions"}],"wp:featuredmedia":[{"embeddable":true,"href":"https:\/\/www.europesays.com\/fr\/wp-json\/wp\/v2\/media\/312686"}],"wp:attachment":[{"href":"https:\/\/www.europesays.com\/fr\/wp-json\/wp\/v2\/media?parent=312685"}],"wp:term":[{"taxonomy":"category","embeddable":true,"href":"https:\/\/www.europesays.com\/fr\/wp-json\/wp\/v2\/categories?post=312685"},{"taxonomy":"post_tag","embeddable":true,"href":"https:\/\/www.europesays.com\/fr\/wp-json\/wp\/v2\/tags?post=312685"}],"curies":[{"name":"wp","href":"https:\/\/api.w.org\/{rel}","templated":true}]}}