{"id":312687,"date":"2025-08-11T23:40:07","date_gmt":"2025-08-11T23:40:07","guid":{"rendered":"https:\/\/www.europesays.com\/fr\/312687\/"},"modified":"2025-08-11T23:40:07","modified_gmt":"2025-08-11T23:40:07","slug":"apres-estac-gf38-franck-rizzetto-pas-une-entame-de-match-digne-de-l2","status":"publish","type":"post","link":"https:\/\/www.europesays.com\/fr\/312687\/","title":{"rendered":"Apr\u00e8s ESTAC &#8211; GF38. Franck Rizzetto : \u00ab\u00a0Pas une entame de match digne de L2\u00a0\u00bb"},"content":{"rendered":"<p style=\"font-size:20px\">L\u2019entra\u00eeneur du GF38 Franck Rizzetto a livr\u00e9 sa r\u00e9action <a href=\"https:\/\/c.ledauphine.com\/sport\/2025\/08\/09\/battu-mais-courageux-le-gf38-peut-nourrir-des-regrets-a-troyes\" rel=\"nofollow noopener\" target=\"_blank\">dans les colonnes du Dauphin\u00e9 Lib\u00e9r\u00e9<\/a> \u00e0 l\u2019issue de la d\u00e9faite de son \u00e9quipe sur la pelouse de l\u2019ESTAC ce samedi 9 ao\u00fbt. <\/p>\n<p>\u00ab\u00a0 On n\u2019a pas fait une entame de match digne d\u2019un championnat de Ligue 2. On a commenc\u00e9\u00a0\u00e0 gagner nos duels offensifs et d\u00e9fensifs qu\u2019\u00e0 partir de la 25e\u00a0minute. En revanche, sur ce que j\u2019ai vu sur la fin de la premi\u00e8re mi-temps, c\u2019est ce que je souhaite voir. Dans l\u2019agressivit\u00e9 et dans la production du jeu, \u00e0 l\u2019image du but que l\u2019on a marqu\u00e9, c\u2019\u00e9tait une situation qu\u2019on avait travaill\u00e9. Forc\u00e9ment que le rouge change le match. Je pense qu\u2019il est s\u00e9v\u00e8re. C\u2019est un fait de jeu qui nous a handicap\u00e9 pour la suite.\u00a0C\u2019est tr\u00e8s frustrant.\u00a0\u00bb<\/p>\n","protected":false},"excerpt":{"rendered":"L\u2019entra\u00eeneur du GF38 Franck Rizzetto a livr\u00e9 sa r\u00e9action dans les colonnes du Dauphin\u00e9 Lib\u00e9r\u00e9 \u00e0 l\u2019issue de&hellip;\n","protected":false},"author":2,"featured_media":244502,"comment_status":"","ping_status":"","sticky":false,"template":"","format":"standard","meta":{"footnotes":""},"categories":[9566],"tags":[1111,11,2430,1777,674,1011,27,2731,12,25],"class_list":{"0":"post-312687","1":"post","2":"type-post","3":"status-publish","4":"format-standard","5":"has-post-thumbnail","7":"category-grenoble","8":"tag-actu","9":"tag-actualites","10":"tag-auvergne-rhone-alpes","11":"tag-eu","12":"tag-europe","13":"tag-fr","14":"tag-france","15":"tag-grenoble","16":"tag-news","17":"tag-republique-francaise"},"share_on_mastodon":{"url":"https:\/\/pubeurope.com\/@fr\/115012778309959320","error":""},"_links":{"self":[{"href":"https:\/\/www.europesays.com\/fr\/wp-json\/wp\/v2\/posts\/312687","targetHints":{"allow":["GET"]}}],"collection":[{"href":"https:\/\/www.europesays.com\/fr\/wp-json\/wp\/v2\/posts"}],"about":[{"href":"https:\/\/www.europesays.com\/fr\/wp-json\/wp\/v2\/types\/post"}],"author":[{"embeddable":true,"href":"https:\/\/www.europesays.com\/fr\/wp-json\/wp\/v2\/users\/2"}],"replies":[{"embeddable":true,"href":"https:\/\/www.europesays.com\/fr\/wp-json\/wp\/v2\/comments?post=312687"}],"version-history":[{"count":0,"href":"https:\/\/www.europesays.com\/fr\/wp-json\/wp\/v2\/posts\/312687\/revisions"}],"wp:featuredmedia":[{"embeddable":true,"href":"https:\/\/www.europesays.com\/fr\/wp-json\/wp\/v2\/media\/244502"}],"wp:attachment":[{"href":"https:\/\/www.europesays.com\/fr\/wp-json\/wp\/v2\/media?parent=312687"}],"wp:term":[{"taxonomy":"category","embeddable":true,"href":"https:\/\/www.europesays.com\/fr\/wp-json\/wp\/v2\/categories?post=312687"},{"taxonomy":"post_tag","embeddable":true,"href":"https:\/\/www.europesays.com\/fr\/wp-json\/wp\/v2\/tags?post=312687"}],"curies":[{"name":"wp","href":"https:\/\/api.w.org\/{rel}","templated":true}]}}