{"id":312688,"date":"2025-08-11T23:41:11","date_gmt":"2025-08-11T23:41:11","guid":{"rendered":"https:\/\/www.europesays.com\/fr\/312688\/"},"modified":"2025-08-11T23:41:11","modified_gmt":"2025-08-11T23:41:11","slug":"previsions-du-mardi-12-aout-2025-2","status":"publish","type":"post","link":"https:\/\/www.europesays.com\/fr\/312688\/","title":{"rendered":"pr\u00e9visions du mardi 12 ao\u00fbt 2025"},"content":{"rendered":"<p>C&rsquo;est un soleil radieux qui va briller aujourd&rsquo;hui sur Rennes. Les valeurs seront de 15\u00b0C au plus bas et de 37\u00b0C au maximum. Un vent de sud-ouest rafra\u00eechira sensiblement l&rsquo;atmosph\u00e8re. La ville va conna\u00eetre, le matin, un passage de fortes chaleurs avec des temp\u00e9ratures qui atteindront parfois les 32\u00b0C. Les valeurs vont conna\u00eetre une augmentation de plusieurs degr\u00e9s durant l&rsquo;apr\u00e8s-midi. Les importantes chaleurs sont install\u00e9es. Avec des valeurs \u00e9chelonn\u00e9es entre 34 et 37\u00b0C. Le soir, de tr\u00e8s grosses chaleurs (entre 20\u00b0C et 31\u00b0C) sont attendues. Une nuit claire vous attendra entre mardi et mercredi.<\/p>\n<p>Demain, on verra l&rsquo;apparition de nuages \u00e0 Rennes. Intemp\u00e9ries : on pr\u00e9voit des pluies \u00e9parses. Une chute des temp\u00e9ratures est pr\u00e9vue. La ville va p\u00e2tir des fortes chaleurs avec des temp\u00e9ratures qui devraient grimper \u00e0 33\u00b0C. Les valeurs afficheront entre 16 et 33\u00b0C. Un petit vent de sud-est sera ressenti par les habitants. L&rsquo;apr\u00e8s-midi va rester couvert \u00e0 cause de nuages qui persistent dans le ciel. En revanche, c&rsquo;est une hausse de plusieurs degr\u00e9s que vont enregistrer les temp\u00e9ratures. La p\u00e9riode d&rsquo;importantes chaleurs est bien l\u00e0, avec des temp\u00e9ratures qui risqueront d&rsquo;aller jusqu&rsquo;\u00e0 33\u00b0C. Demain soir, le thermom\u00e8tre affichera 26\u00b0C en moyenne.<\/p>\n<p>Le temps des jours qui suivent va s&rsquo;am\u00e9liorer. Comptez sur 35\u00b0C en moyenne qui accompagneront des journ\u00e9es ensoleill\u00e9es.<\/p>\n<p>V\u00e9rifiez si votre d\u00e9partement est en vigilance canicule. Dans tous les cas, il convient d&rsquo;appliquer quelques pr\u00e9cautions pour se prot\u00e9ger de la chaleur : buvez abondamment et \u00e9vitez d&rsquo;aller au soleil durant les heures les plus chaudes.<\/p>\n","protected":false},"excerpt":{"rendered":"C&rsquo;est un soleil radieux qui va briller aujourd&rsquo;hui sur Rennes. Les valeurs seront de 15\u00b0C au plus bas&hellip;\n","protected":false},"author":2,"featured_media":312689,"comment_status":"","ping_status":"","sticky":false,"template":"","format":"standard","meta":{"footnotes":""},"categories":[2821],"tags":[1111,11,829,1777,674,1011,27,848,12,2119,584,25],"class_list":{"0":"post-312688","1":"post","2":"type-post","3":"status-publish","4":"format-standard","5":"has-post-thumbnail","7":"category-rennes","8":"tag-actu","9":"tag-actualites","10":"tag-bretagne","11":"tag-eu","12":"tag-europe","13":"tag-fr","14":"tag-france","15":"tag-ille-et-vilaine","16":"tag-news","17":"tag-previsions-meteo","18":"tag-rennes","19":"tag-republique-francaise"},"share_on_mastodon":{"url":"https:\/\/pubeurope.com\/@fr\/115012782239452811","error":""},"_links":{"self":[{"href":"https:\/\/www.europesays.com\/fr\/wp-json\/wp\/v2\/posts\/312688","targetHints":{"allow":["GET"]}}],"collection":[{"href":"https:\/\/www.europesays.com\/fr\/wp-json\/wp\/v2\/posts"}],"about":[{"href":"https:\/\/www.europesays.com\/fr\/wp-json\/wp\/v2\/types\/post"}],"author":[{"embeddable":true,"href":"https:\/\/www.europesays.com\/fr\/wp-json\/wp\/v2\/users\/2"}],"replies":[{"embeddable":true,"href":"https:\/\/www.europesays.com\/fr\/wp-json\/wp\/v2\/comments?post=312688"}],"version-history":[{"count":0,"href":"https:\/\/www.europesays.com\/fr\/wp-json\/wp\/v2\/posts\/312688\/revisions"}],"wp:featuredmedia":[{"embeddable":true,"href":"https:\/\/www.europesays.com\/fr\/wp-json\/wp\/v2\/media\/312689"}],"wp:attachment":[{"href":"https:\/\/www.europesays.com\/fr\/wp-json\/wp\/v2\/media?parent=312688"}],"wp:term":[{"taxonomy":"category","embeddable":true,"href":"https:\/\/www.europesays.com\/fr\/wp-json\/wp\/v2\/categories?post=312688"},{"taxonomy":"post_tag","embeddable":true,"href":"https:\/\/www.europesays.com\/fr\/wp-json\/wp\/v2\/tags?post=312688"}],"curies":[{"name":"wp","href":"https:\/\/api.w.org\/{rel}","templated":true}]}}