{"id":312690,"date":"2025-08-11T23:42:14","date_gmt":"2025-08-11T23:42:14","guid":{"rendered":"https:\/\/www.europesays.com\/fr\/312690\/"},"modified":"2025-08-11T23:42:14","modified_gmt":"2025-08-11T23:42:14","slug":"rennes-fait-il-une-grosse-erreur-en-voulant-vendre-kalimuendo","status":"publish","type":"post","link":"https:\/\/www.europesays.com\/fr\/312690\/","title":{"rendered":"Rennes fait-il une grosse erreur en voulant vendre Kalimuendo ?"},"content":{"rendered":"<p>        <img decoding=\"async\" alt=\"rennes-fait-il-une-grosse-erreur-en-voulant-vendre-kalimuendo\" style=\"max-width:1000px; width:100%; aspect-ratio:1000\/676;\" src=\"https:\/\/www.europesays.com\/fr\/wp-content\/uploads\/2025\/08\/TRANSFERTS-RENNES-IMAGE.png\"\/><\/p>\n<p>        <strong>Le Rennais Arnaud Kalimuendo ne manque pas de pr\u00e9tendants, mais la question se pose : le Stade Rennais doit-il vraiment le vendre ? Pour gagner 5 millions&#8230;<\/strong><\/p>\n<p>Annonc\u00e9 sur le d\u00e9part, apr\u00e8s une belle saison (17 buts et 4 passes d\u00e9cisives en Ligue 1), malgr\u00e9 les difficult\u00e9s du club, Arnaud Kalimuendo a la cote en Premier League. Selon le m\u00e9dia anglais The Atletic, le joueur de 23 ans, arriv\u00e9 en Bretagne en 2022, est dans le collimateur de Leeds, Brentford et Newcastle.<br \/>\n54 fois d\u00e9cisifs en 112 matchs avec Rennes<br \/>\nThe Atletic explique m\u00eame que Rennes et Leeds s\u2019\u00e9taient mis d\u2019accord pour un transfert \u00e0 25 millions d\u2019euros, mais le joueur form\u00e9 au PSG a refus\u00e9 de rejoindre le promu. Il faut dire que Leeds n\u2019est pas le club le plus attirant parmi les courtisans du Rennais, qui a aussi des pr\u00e9tendants en Italie (l&rsquo;AC Milan, la Juve, l&rsquo;AS Roma\u2026) et en Allemagne (Stuttgart et l\u2019Eintracht Francfort).\u00a0<\/p>\n<p>Pay\u00e9 20 millions au PSG, Arnaud Kalimuendo a inscrit 40 buts et r\u00e9ussi 14 passes d\u00e9cisives en 112 matchs jou\u00e9s avec Rennes en trois saisons, toutes comp\u00e9titions confondues. Forc\u00e9ment, la question se pose : le Stade Rennais a-t-il raison de vouloir vendre un joueur si efficace en attaque ? Surtout que la plus-value n&rsquo;aura \u00e9t\u00e9 \u00ab\u00a0que\u00a0\u00bb de 5 millions d&rsquo;euros, et que retrouver un attaquant \u00e0 15 buts par saison ne sera pas chose ais\u00e9e.    <\/p>\n","protected":false},"excerpt":{"rendered":"Le Rennais Arnaud Kalimuendo ne manque pas de pr\u00e9tendants, mais la question se pose : le Stade Rennais&hellip;\n","protected":false},"author":2,"featured_media":312691,"comment_status":"","ping_status":"","sticky":false,"template":"","format":"standard","meta":{"footnotes":""},"categories":[2821],"tags":[1111,11,829,1777,674,1011,27,12,584,25],"class_list":{"0":"post-312690","1":"post","2":"type-post","3":"status-publish","4":"format-standard","5":"has-post-thumbnail","7":"category-rennes","8":"tag-actu","9":"tag-actualites","10":"tag-bretagne","11":"tag-eu","12":"tag-europe","13":"tag-fr","14":"tag-france","15":"tag-news","16":"tag-rennes","17":"tag-republique-francaise"},"share_on_mastodon":{"url":"https:\/\/pubeurope.com\/@fr\/115012786501798640","error":""},"_links":{"self":[{"href":"https:\/\/www.europesays.com\/fr\/wp-json\/wp\/v2\/posts\/312690","targetHints":{"allow":["GET"]}}],"collection":[{"href":"https:\/\/www.europesays.com\/fr\/wp-json\/wp\/v2\/posts"}],"about":[{"href":"https:\/\/www.europesays.com\/fr\/wp-json\/wp\/v2\/types\/post"}],"author":[{"embeddable":true,"href":"https:\/\/www.europesays.com\/fr\/wp-json\/wp\/v2\/users\/2"}],"replies":[{"embeddable":true,"href":"https:\/\/www.europesays.com\/fr\/wp-json\/wp\/v2\/comments?post=312690"}],"version-history":[{"count":0,"href":"https:\/\/www.europesays.com\/fr\/wp-json\/wp\/v2\/posts\/312690\/revisions"}],"wp:featuredmedia":[{"embeddable":true,"href":"https:\/\/www.europesays.com\/fr\/wp-json\/wp\/v2\/media\/312691"}],"wp:attachment":[{"href":"https:\/\/www.europesays.com\/fr\/wp-json\/wp\/v2\/media?parent=312690"}],"wp:term":[{"taxonomy":"category","embeddable":true,"href":"https:\/\/www.europesays.com\/fr\/wp-json\/wp\/v2\/categories?post=312690"},{"taxonomy":"post_tag","embeddable":true,"href":"https:\/\/www.europesays.com\/fr\/wp-json\/wp\/v2\/tags?post=312690"}],"curies":[{"name":"wp","href":"https:\/\/api.w.org\/{rel}","templated":true}]}}