{"id":312692,"date":"2025-08-11T23:43:11","date_gmt":"2025-08-11T23:43:11","guid":{"rendered":"https:\/\/www.europesays.com\/fr\/312692\/"},"modified":"2025-08-11T23:43:11","modified_gmt":"2025-08-11T23:43:11","slug":"previsions-du-mardi-12-aout-2025-3","status":"publish","type":"post","link":"https:\/\/www.europesays.com\/fr\/312692\/","title":{"rendered":"pr\u00e9visions du mardi 12 ao\u00fbt 2025"},"content":{"rendered":"<p>Un superbe soleil va briller sur Strasbourg et ce, tout au long de la journ\u00e9e. Les temp\u00e9ratures iront de 17 \u00e0 34\u00b0C. Une petite brise de sud-est sera ressentie par les habitants. La ville va subir, le matin, une vague d&rsquo;importantes chaleurs avec des valeurs qui atteindront parfois les 30\u00b0C. Les temp\u00e9ratures vont grimper pendant l&rsquo;apr\u00e8s-midi de plusieurs degr\u00e9s. Les grosses chaleurs sont pr\u00e9sentes. Avec des temp\u00e9ratures comprises entre 32 et 34\u00b0C. La p\u00e9riode de fortes chaleurs est bien l\u00e0, avec des valeurs qui risqueront de monter \u00e0 30\u00b0C le soir. Les temp\u00e9ratures tourneront autour des 28\u00b0C. Le passage de mardi \u00e0 mercredi s&rsquo;effectuera sous un ciel limpide.<\/p>\n<p>Demain, un beau soleil rayonnera sur Strasbourg. L&rsquo;air ambiant va se r\u00e9chauffer avec une augmentation de quelques degr\u00e9s. Prenez garde \u00e0 la vague de chaleur. Des valeurs de 21 \u00e0 38\u00b0C sont attendues. Les temp\u00e9ratures s&rsquo;\u00e9chelonneront entre 21 et 38\u00b0C. D\u00e8s le matin, les valeurs \u00e9volueront entre 23 et 35\u2009\u00b0C. Un vent de sud soufflera un peu, avec 5 km\/h. Un temps plus chaud est pr\u00e9vu demain apr\u00e8s-midi \u00e9tant donn\u00e9 que le mercure va enregistrer une hausse. Les temp\u00e9ratures maximums annonc\u00e9es sont \u00e9lev\u00e9es, avec 38\u00b0C. Demain soir, de tr\u00e8s importantes chaleurs (entre 27\u00b0C et 32\u00b0C) sont pr\u00e9vues. Un l\u00e9ger vent d&rsquo;est soufflera.<\/p>\n<p>Les jours qui suivent s&rsquo;annoncent similaires. Le temps sera ensoleill\u00e9 avec des temp\u00e9ratures d&rsquo;environ 36\u00b0C.<\/p>\n<p>Les beaux jours ne doivent pas faire oublier les risques li\u00e9s au soleil. Il faut bien s\u00fbr utiliser de la cr\u00e8me solaire et penser \u00e0 s&rsquo;hydrater, mais aussi veiller \u00e0 \u00e9conomiser l&rsquo;eau du robinet.<\/p>\n","protected":false},"excerpt":{"rendered":"Un superbe soleil va briller sur Strasbourg et ce, tout au long de la journ\u00e9e. Les temp\u00e9ratures iront&hellip;\n","protected":false},"author":2,"featured_media":312693,"comment_status":"","ping_status":"","sticky":false,"template":"","format":"standard","meta":{"footnotes":""},"categories":[2820],"tags":[1111,11,2389,2649,1777,674,1011,27,775,12,2119,25,640],"class_list":{"0":"post-312692","1":"post","2":"type-post","3":"status-publish","4":"format-standard","5":"has-post-thumbnail","7":"category-strasbourg","8":"tag-actu","9":"tag-actualites","10":"tag-alsace","11":"tag-bas-rhin","12":"tag-eu","13":"tag-europe","14":"tag-fr","15":"tag-france","16":"tag-grand-est","17":"tag-news","18":"tag-previsions-meteo","19":"tag-republique-francaise","20":"tag-strasbourg"},"share_on_mastodon":{"url":"https:\/\/pubeurope.com\/@fr\/115012790087049416","error":""},"_links":{"self":[{"href":"https:\/\/www.europesays.com\/fr\/wp-json\/wp\/v2\/posts\/312692","targetHints":{"allow":["GET"]}}],"collection":[{"href":"https:\/\/www.europesays.com\/fr\/wp-json\/wp\/v2\/posts"}],"about":[{"href":"https:\/\/www.europesays.com\/fr\/wp-json\/wp\/v2\/types\/post"}],"author":[{"embeddable":true,"href":"https:\/\/www.europesays.com\/fr\/wp-json\/wp\/v2\/users\/2"}],"replies":[{"embeddable":true,"href":"https:\/\/www.europesays.com\/fr\/wp-json\/wp\/v2\/comments?post=312692"}],"version-history":[{"count":0,"href":"https:\/\/www.europesays.com\/fr\/wp-json\/wp\/v2\/posts\/312692\/revisions"}],"wp:featuredmedia":[{"embeddable":true,"href":"https:\/\/www.europesays.com\/fr\/wp-json\/wp\/v2\/media\/312693"}],"wp:attachment":[{"href":"https:\/\/www.europesays.com\/fr\/wp-json\/wp\/v2\/media?parent=312692"}],"wp:term":[{"taxonomy":"category","embeddable":true,"href":"https:\/\/www.europesays.com\/fr\/wp-json\/wp\/v2\/categories?post=312692"},{"taxonomy":"post_tag","embeddable":true,"href":"https:\/\/www.europesays.com\/fr\/wp-json\/wp\/v2\/tags?post=312692"}],"curies":[{"name":"wp","href":"https:\/\/api.w.org\/{rel}","templated":true}]}}