{"id":312696,"date":"2025-08-11T23:45:13","date_gmt":"2025-08-11T23:45:13","guid":{"rendered":"https:\/\/www.europesays.com\/fr\/312696\/"},"modified":"2025-08-11T23:45:13","modified_gmt":"2025-08-11T23:45:13","slug":"previsions-du-mardi-12-aout-2025-4","status":"publish","type":"post","link":"https:\/\/www.europesays.com\/fr\/312696\/","title":{"rendered":"pr\u00e9visions du mardi 12 ao\u00fbt 2025"},"content":{"rendered":"<p>Aujourd&rsquo;hui, les Ni\u00e7ois vont pouvoir profiter d&rsquo;un soleil radieux. Les valeurs seront de 24\u00b0C au minimum et de 31\u00b0C au maximum. La ville va subir, le matin, un passage de fortes chaleurs avec des temp\u00e9ratures qui rejoindront parfois les 31\u00b0C. Un vent de sud rafra\u00eechira un peu l&rsquo;atmosph\u00e8re. L&rsquo;apr\u00e8s-midi, de tr\u00e8s grosses chaleurs (entre 28\u00b0C et 30\u00b0C) sont attendues. Les maximales iront jusqu&rsquo;\u00e0 30\u00b0C et les minimales seront de 28\u00b0C. Durant la nuit de mardi \u00e0 mercredi, le ciel sera d\u00e9pourvu de nuages.<\/p>\n<p>Un bel ensoleillement est pr\u00e9vu demain \u00e0 Nice. Une chute des temp\u00e9ratures est \u00e0 pr\u00e9voir. Les valeurs \u00e9volueront entre 24 et 30\u2009\u00b0C. Les temp\u00e9ratures seront comprises entre 24 et 30\u00b0C. Un l\u00e9ger vent de nord-ouest sera ressenti par les habitants. La matin\u00e9e va se trouver tr\u00e8s chaude : jusqu&rsquo;\u00e0 30\u00b0C. Prenez garde \u00e0 la vague de chaleur dans l&rsquo;apr\u00e8s-midi. Des valeurs de 28 \u00e0 30\u00b0C sont annonc\u00e9es. Les temp\u00e9ratures afficheront entre 28 et 30\u00b0C. Demain soir, on pr\u00e9voit des valeurs avoisinant 24\u00b0C.<\/p>\n<p>Les jours passent et se ressemblent. Des temp\u00e9ratures dans les 31\u00b0C accompagneront un ciel ensoleill\u00e9.<\/p>\n<p><\/p>\n","protected":false},"excerpt":{"rendered":"Aujourd&rsquo;hui, les Ni\u00e7ois vont pouvoir profiter d&rsquo;un soleil radieux. Les valeurs seront de 24\u00b0C au minimum et de&hellip;\n","protected":false},"author":2,"featured_media":312697,"comment_status":"","ping_status":"","sticky":false,"template":"","format":"standard","meta":{"footnotes":""},"categories":[2819],"tags":[1111,11,2898,1777,674,1011,27,12,2401,883,2119,882,25],"class_list":{"0":"post-312696","1":"post","2":"type-post","3":"status-publish","4":"format-standard","5":"has-post-thumbnail","7":"category-nice","8":"tag-actu","9":"tag-actualites","10":"tag-alpes-maritimes","11":"tag-eu","12":"tag-europe","13":"tag-fr","14":"tag-france","15":"tag-news","16":"tag-nice","17":"tag-paca","18":"tag-previsions-meteo","19":"tag-provence-alpes-cote-dazur","20":"tag-republique-francaise"},"share_on_mastodon":{"url":"https:\/\/pubeurope.com\/@fr\/115012797951886867","error":""},"_links":{"self":[{"href":"https:\/\/www.europesays.com\/fr\/wp-json\/wp\/v2\/posts\/312696","targetHints":{"allow":["GET"]}}],"collection":[{"href":"https:\/\/www.europesays.com\/fr\/wp-json\/wp\/v2\/posts"}],"about":[{"href":"https:\/\/www.europesays.com\/fr\/wp-json\/wp\/v2\/types\/post"}],"author":[{"embeddable":true,"href":"https:\/\/www.europesays.com\/fr\/wp-json\/wp\/v2\/users\/2"}],"replies":[{"embeddable":true,"href":"https:\/\/www.europesays.com\/fr\/wp-json\/wp\/v2\/comments?post=312696"}],"version-history":[{"count":0,"href":"https:\/\/www.europesays.com\/fr\/wp-json\/wp\/v2\/posts\/312696\/revisions"}],"wp:featuredmedia":[{"embeddable":true,"href":"https:\/\/www.europesays.com\/fr\/wp-json\/wp\/v2\/media\/312697"}],"wp:attachment":[{"href":"https:\/\/www.europesays.com\/fr\/wp-json\/wp\/v2\/media?parent=312696"}],"wp:term":[{"taxonomy":"category","embeddable":true,"href":"https:\/\/www.europesays.com\/fr\/wp-json\/wp\/v2\/categories?post=312696"},{"taxonomy":"post_tag","embeddable":true,"href":"https:\/\/www.europesays.com\/fr\/wp-json\/wp\/v2\/tags?post=312696"}],"curies":[{"name":"wp","href":"https:\/\/api.w.org\/{rel}","templated":true}]}}