{"id":312702,"date":"2025-08-11T23:48:34","date_gmt":"2025-08-11T23:48:34","guid":{"rendered":"https:\/\/www.europesays.com\/fr\/312702\/"},"modified":"2025-08-11T23:48:34","modified_gmt":"2025-08-11T23:48:34","slug":"comment-le-stade-rennais-empoisonne-le-dossier-abline","status":"publish","type":"post","link":"https:\/\/www.europesays.com\/fr\/312702\/","title":{"rendered":"comment le Stade Rennais empoisonne le dossier Abline\u00a0"},"content":{"rendered":"<p><strong>Le dossier <a href=\"https:\/\/www.butfootballclub.fr\/613273-fc-nantes-mercato-matthis-abline-a-bout-lincertitude-du-mercato-lepuise\/\" rel=\"noopener nofollow\" target=\"_blank\">Matthis Abline<\/a> s\u2019embourbe\u00a0: le FC Nantes r\u00e9clame une grosse somme, justifi\u00e9e par des clauses \u00e0 verser au Stade Rennais, rendant un transfert \u00e0 25 millions d\u2019euros peu probable.<\/strong><\/p>\n<p>\ud83d\udfe5<strong> Rumeur<\/strong><\/p>\n<p>Le mercato autour de Matthis Abline est loin d\u2019\u00eatre boucl\u00e9. Alors que Wolverhampton a propos\u00e9 25 millions d\u2019euros, une somme jug\u00e9e insuffisante par le FC Nantes, le club lig\u00e9rien reste ferme sur ses exigences financi\u00e8res et attend 50 millions d\u2019euros\u00a0! Mais derri\u00e8re ce refus apparent se cache une r\u00e9alit\u00e9 contractuelle plus complexe.<\/p>\n<p>En effet, Mohamed Toubache-Ter rappelle que le <a href=\"https:\/\/www.butfootballclub.fr\/613210-fc-nantes-mercato-le-message-fort-de-luis-castro-sur-le-cas-matthis-abline\/\" rel=\"noopener nofollow\" target=\"_blank\">FC Nantes<\/a> doit reverser environ 25% du montant du transfert, une part partag\u00e9e entre le Stade Rennais, club formateur d\u2019Abline, et son agent. Cette commission \u00e9lev\u00e9e explique en grande partie la fermet\u00e9 du FCN, qui ne souhaite pas brader son jeune attaquant \u00e0 un prix qui ne couvrirait pas ces co\u00fbts.<\/p>\n<p>Le FC Nantes mise sur le r\u00e9veil des clubs anglais\u00a0<\/p>\n<p>Cette configuration rend donc difficile un d\u00e9part pour une somme proche des 25 millions d\u2019euros. Le <a href=\"https:\/\/www.butfootballclub.fr\/613065-fc-nantes-mercato-abline-met-la-pression-pour-partir-son-attitude-derange\/\" rel=\"noopener nofollow\" target=\"_blank\">FC Nantes<\/a> pr\u00e9f\u00e8re patienter, convaincu que les clubs anglais, notamment ceux de Premier League, finiront par augmenter leurs offres.<\/p>\n<p>Les pr\u00e9tendants comme Wolverhampton sont donc pr\u00e9venus : pour attirer Abline, il faudra sortir le carnet de ch\u00e8ques. Car le FC Nantes, fort de son statut de club formateur, veut tirer le meilleur parti d\u2019un joueur qui a d\u00e9j\u00e0 montr\u00e9 tout son potentiel sur le terrain.<\/p>\n<p>De son c\u00f4t\u00e9, Matthis Abline semble privil\u00e9gier un avenir en France, notamment avec un int\u00e9r\u00eat marqu\u00e9 pour le Paris FC, ce qui complexifie encore un peu plus les discussions avec les clubs \u00e9trangers. C\u00f4t\u00e9 Nantes, la position est claire\u00a0: Le club dit ne pas \u00eatre vendeur mais pourrait commencer \u00e0 r\u00e9fl\u00e9chir \u00e0 partir d\u2019une offre \u00e0 40\u00a0millions d\u2019euros.\u00a0<\/p>\n<p>\u00ab\u00a0Le coup d\u2019\u0153il de But FC\u00a0\u00bb<\/p>\n<p>\u00ab\u00a0Ce qui \u00e9tait \u00e9tait \u00e0 craindre est en train de se passer pour Matthis Abline\u00a0: l\u2019attaquant du FC Nantes veut aller voir plus haut mais ne comprend pas pourquoi ses dirigeants n\u2019ont de cesse de rehausser son prix de vente. La tension risque d\u2019\u00eatre pr\u00e9sente jusqu\u2019\u00e0 la fin du mercato.<\/p>\n","protected":false},"excerpt":{"rendered":"Le dossier Matthis Abline s\u2019embourbe\u00a0: le FC Nantes r\u00e9clame une grosse somme, justifi\u00e9e par des clauses \u00e0 verser&hellip;\n","protected":false},"author":2,"featured_media":312703,"comment_status":"","ping_status":"","sticky":false,"template":"","format":"standard","meta":{"footnotes":""},"categories":[2818],"tags":[1111,11,448,1777,674,63,1011,27,66,3388,766,12,2636,25,10662],"class_list":{"0":"post-312702","1":"post","2":"type-post","3":"status-publish","4":"format-standard","5":"has-post-thumbnail","7":"category-nantes","8":"tag-actu","9":"tag-actualites","10":"tag-champions-league","11":"tag-eu","12":"tag-europe","13":"tag-football","14":"tag-fr","15":"tag-france","16":"tag-ligue-1","17":"tag-matchs","18":"tag-nantes","19":"tag-news","20":"tag-pays-de-la-loire","21":"tag-republique-francaise","22":"tag-transferts"},"share_on_mastodon":{"url":"https:\/\/pubeurope.com\/@fr\/115012809943788118","error":""},"_links":{"self":[{"href":"https:\/\/www.europesays.com\/fr\/wp-json\/wp\/v2\/posts\/312702","targetHints":{"allow":["GET"]}}],"collection":[{"href":"https:\/\/www.europesays.com\/fr\/wp-json\/wp\/v2\/posts"}],"about":[{"href":"https:\/\/www.europesays.com\/fr\/wp-json\/wp\/v2\/types\/post"}],"author":[{"embeddable":true,"href":"https:\/\/www.europesays.com\/fr\/wp-json\/wp\/v2\/users\/2"}],"replies":[{"embeddable":true,"href":"https:\/\/www.europesays.com\/fr\/wp-json\/wp\/v2\/comments?post=312702"}],"version-history":[{"count":0,"href":"https:\/\/www.europesays.com\/fr\/wp-json\/wp\/v2\/posts\/312702\/revisions"}],"wp:featuredmedia":[{"embeddable":true,"href":"https:\/\/www.europesays.com\/fr\/wp-json\/wp\/v2\/media\/312703"}],"wp:attachment":[{"href":"https:\/\/www.europesays.com\/fr\/wp-json\/wp\/v2\/media?parent=312702"}],"wp:term":[{"taxonomy":"category","embeddable":true,"href":"https:\/\/www.europesays.com\/fr\/wp-json\/wp\/v2\/categories?post=312702"},{"taxonomy":"post_tag","embeddable":true,"href":"https:\/\/www.europesays.com\/fr\/wp-json\/wp\/v2\/tags?post=312702"}],"curies":[{"name":"wp","href":"https:\/\/api.w.org\/{rel}","templated":true}]}}