{"id":312716,"date":"2025-08-11T23:55:11","date_gmt":"2025-08-11T23:55:11","guid":{"rendered":"https:\/\/www.europesays.com\/fr\/312716\/"},"modified":"2025-08-11T23:55:11","modified_gmt":"2025-08-11T23:55:11","slug":"marseille-numerise-ses-91-000-arbres-pour-mieux-les-preserver","status":"publish","type":"post","link":"https:\/\/www.europesays.com\/fr\/312716\/","title":{"rendered":"Marseille num\u00e9rise ses 91 000 arbres pour mieux les pr\u00e9server"},"content":{"rendered":"\n<p>Apr\u00e8s avoir r\u00e9pertori\u00e9 10\u00a0624 arbres dans les \u00e9coles et cr\u00e8ches, Greehill, le prestataire de la Ville a officiellement achev\u00e9 la semaine derni\u00e8re le scan printemps-\u00e9t\u00e9 de la totalit\u00e9 de ses 91\u00a0000 arbres avec leur feuillage. La ville pr\u00e9sentera l\u2019inventaire \u00e0 la rentr\u00e9e. Le parc Bor\u00e9ly compte ainsi 838 arbres de plus de 30cm auxquels s\u2019ajoutent 133 sujets dans ses lisi\u00e8res p\u00e9riph\u00e9riques. Cet investissement de 653\u00a0000\u00a0euros HT dotera la Ville d\u2019un outil pr\u00e9cieux dans sa strat\u00e9gie de pr\u00e9servation et de renouvellement arbor\u00e9.<\/p>\n<p>Chaque arbre poss\u00e8de ainsi sa carte d\u2019identit\u00e9 num\u00e9rique avec son \u00e9tat, ses interventions pass\u00e9es et \u00e0 venir. D\u2019ici septembre, la Ville disposera d\u2019une gestion int\u00e9grale et actualis\u00e9e de tous ses arbres, lui permettra de prioriser les interventions gr\u00e2ce \u00e0 la d\u00e9tection automatique des besoins par jumeau num\u00e9rique, de mieux choisir les essences \u00e0 planter selon la fra\u00eecheur, le taux de carbone r\u00e9cup\u00e9r\u00e9, les taux d\u2019\u00e9vapotranspiration, etc., d\u2019am\u00e9liorer la continuit\u00e9 \u00e9cologique entre espaces publics et priv\u00e9s. La Ville a nou\u00e9 un partenariat avec l\u2019\u00c9cole des Mines de Paris dans le cadre du projet de recherche europ\u00e9en DestinE pour pousser les analyses.<\/p>\n","protected":false},"excerpt":{"rendered":"Apr\u00e8s avoir r\u00e9pertori\u00e9 10\u00a0624 arbres dans les \u00e9coles et cr\u00e8ches, Greehill, le prestataire de la Ville a officiellement&hellip;\n","protected":false},"author":2,"featured_media":312717,"comment_status":"","ping_status":"","sticky":false,"template":"","format":"standard","meta":{"footnotes":""},"categories":[2814],"tags":[1111,11,1777,674,1011,31923,27,884,12,882,25],"class_list":{"0":"post-312716","1":"post","2":"type-post","3":"status-publish","4":"format-standard","5":"has-post-thumbnail","7":"category-marseille","8":"tag-actu","9":"tag-actualites","10":"tag-eu","11":"tag-europe","12":"tag-fr","13":"tag-fraicheur","14":"tag-france","15":"tag-marseille","16":"tag-news","17":"tag-provence-alpes-cote-dazur","18":"tag-republique-francaise"},"share_on_mastodon":{"url":"https:\/\/pubeurope.com\/@fr\/115012837510272706","error":""},"_links":{"self":[{"href":"https:\/\/www.europesays.com\/fr\/wp-json\/wp\/v2\/posts\/312716","targetHints":{"allow":["GET"]}}],"collection":[{"href":"https:\/\/www.europesays.com\/fr\/wp-json\/wp\/v2\/posts"}],"about":[{"href":"https:\/\/www.europesays.com\/fr\/wp-json\/wp\/v2\/types\/post"}],"author":[{"embeddable":true,"href":"https:\/\/www.europesays.com\/fr\/wp-json\/wp\/v2\/users\/2"}],"replies":[{"embeddable":true,"href":"https:\/\/www.europesays.com\/fr\/wp-json\/wp\/v2\/comments?post=312716"}],"version-history":[{"count":0,"href":"https:\/\/www.europesays.com\/fr\/wp-json\/wp\/v2\/posts\/312716\/revisions"}],"wp:featuredmedia":[{"embeddable":true,"href":"https:\/\/www.europesays.com\/fr\/wp-json\/wp\/v2\/media\/312717"}],"wp:attachment":[{"href":"https:\/\/www.europesays.com\/fr\/wp-json\/wp\/v2\/media?parent=312716"}],"wp:term":[{"taxonomy":"category","embeddable":true,"href":"https:\/\/www.europesays.com\/fr\/wp-json\/wp\/v2\/categories?post=312716"},{"taxonomy":"post_tag","embeddable":true,"href":"https:\/\/www.europesays.com\/fr\/wp-json\/wp\/v2\/tags?post=312716"}],"curies":[{"name":"wp","href":"https:\/\/api.w.org\/{rel}","templated":true}]}}