{"id":312718,"date":"2025-08-11T23:56:11","date_gmt":"2025-08-11T23:56:11","guid":{"rendered":"https:\/\/www.europesays.com\/fr\/312718\/"},"modified":"2025-08-11T23:56:11","modified_gmt":"2025-08-11T23:56:11","slug":"le-parc-borely-engage-six-mois-de-travaux-pour-proteger-ses-arbres-face-au-climat","status":"publish","type":"post","link":"https:\/\/www.europesays.com\/fr\/312718\/","title":{"rendered":"le parc Bor\u00e9ly engage six mois de travaux pour prot\u00e9ger ses arbres face au climat"},"content":{"rendered":"\n<p>Renouveler un parc historique bient\u00f4t class\u00e9 au titre des monuments historiques, lui donner les moyens d\u2019affronter les changements climatiques, remplacer certains sujets malades par des esp\u00e8ces plus adapt\u00e9es, \u00eatre \u00e0 l\u2019\u00e9coute des attentes des usagers tout en pr\u00e9servant un h\u00e9ritage arboricole du XVIIIe si\u00e8cle. Les d\u00e9fis \u00e0 affronter sont nombreux pour les gestionnaires du parc Bor\u00e9ly, fleuron des 61 grands parcs de la ville de Marseille que l\u2019adjointe au maire, Nasserra Benmarnia, a arpent\u00e9 avec La Marseillaise et son \u00e9quipe de la Direction de la Nature en ville pour pr\u00e9senter d\u2019importants travaux \u00e0 partir d\u2019octobre sur certaines sections.<\/p>\n<p>Ce parc de 19,7 hectares inaugur\u00e9 en 1863 b\u00e9n\u00e9ficie du \u00ab\u00a0Plan Arbres\u00a0\u00bb, un programme municipal qui pr\u00e9voit la plantation de 308\u00a0000 arbres, arbrisseaux et plants forestiers \u00e0 l\u2019horizon 2029. La moiti\u00e9 a d\u00e9j\u00e0 \u00e9t\u00e9 plant\u00e9e. Pour nuancer ce miracle vert, il n\u2019est question que de 8\u00a0000 plants d\u2019arbres de haute tige (2,5\u00a0%) \u00e0 proprement parler.<\/p>\n<p> Arrosage connect\u00e9 et chocs hydriques\n              <\/p>\n<p>J\u00e9r\u00e9mie Curt, coordinateur du Plan Arbres, s\u2019arr\u00eate devant une des all\u00e9es de tilleuls qui encadrent les bassins dans l\u2019axe du ch\u00e2teau. \u00ab\u00a0Ces tilleuls ont \u00e9t\u00e9 plant\u00e9s il y a une trentaine d\u2019ann\u00e9es en remplacement des platanes malades. Ils ont presque 50 ans en comptant leurs 15 ann\u00e9es de culture en p\u00e9pini\u00e8re.\u00a0\u00bb Victime du foulage des pi\u00e9tons, il est devenu n\u00e9cessaire d\u2019a\u00e9rer le sol, de le d\u00e9min\u00e9raliser, d\u2019\u00e9loigner les usagers en posant des ganivelles.<\/p>\n<p>Un des tilleuls est d\u00e9vor\u00e9 par l\u2019amadouvier, un champignon lignivore qui ronge sa structure. Quatre autres sujets ont d\u00fb \u00eatre abattus apr\u00e8s expertise de l\u2019ONF. \u00ab\u00a0Quand on s\u2019en rend compte, le champignon a d\u00e9j\u00e0 d\u00e9truit une grosse partie des racines\u00a0\u00bb d\u00e9taille Didier Blanc, surveillant de travaux au service arboriculture. \u00ab\u00a0L\u2019ONF l\u2019a expertis\u00e9. Si on ne fait rien, il tombera. Il doit \u00eatre abattu prochainement. On prendra toutes les mesures d\u2019affichage aux entr\u00e9es du parc pour expliquer et dire aux usagers qu\u2019on s\u2019engage \u00e0 replanter\u00a0\u00bb ajoute Didier qui inspecte deux fois par an les 19 parcs qu\u2019il a en gestion. \u00ab\u00a0Je dresse un \u00e9tat complet de tous les arbres. Quand j\u2019ai un doute, j\u2019alerte l\u2019ONF.\u00a0\u00bb<\/p>\n<p>Deux sujets replant\u00e9s sont tout rabougris. \u00ab\u00a0Malgr\u00e9 l\u2019arrosage connect\u00e9, ils ont subi fin juin un choc hydrique. Comment r\u00e9ussir \u00e0 prot\u00e9ger les nouveaux arbres avec des temp\u00e9ratures \u00e0 42 degr\u00e9s\u00a0? C\u2019est un vrai sujet\u00a0\u00bb reconna\u00eet J\u00e9r\u00e9mie Curt. \u00ab\u00a0On a aussi les br\u00fblures corticales dues aux reflets du soleil au couchant qui \u00e9clatent les troncs et les griffes de chiens que leurs ma\u00eetres entra\u00eenent.\u00a0\u00bb<\/p>\n<p>Pr\u00e8s de la Roseraie de 1923, le Chicot du Canada a perdu sa cime. \u00ab\u00a0Les ros\u00e9es du matin ont disparu. Ces arbres du nord tenaient \u00e0 35 degr\u00e9s, mais 42 degr\u00e9s c\u2019est trop pour eux.\u00a0\u00bb \u00c0 Bor\u00e9ly, la strate arbustive est devenue pr\u00e9dominante. \u00ab\u00a0Regardez comme ce platane \u00e9touffe. Il a atteint sa maturit\u00e9 absolue. On va tout faire pour le maintenir. Il faut r\u00e9guler ces bosquets, y faire entrer la lumi\u00e8re et sauver ce qui peut l\u2019\u00eatre. Ils sont envahis de c\u00e9p\u00e9es de lauriers sauce. On va en supprimer 70\u00a0% pour recr\u00e9er une strate arbor\u00e9e avec des ch\u00eanes chevelus, des orangers des Osages, des \u00e9rables de Montpellier qui vont redonner de la diversit\u00e9.\u00a0\u00bb <\/p>\n<p>Certains arbres figurent dans l\u2019inventaire de 1860. Ainsi de Zelokva carpinifolia (\u00e0 ne pas confondre avec l\u2019orme de Sib\u00e9rie nous dit-on) et ces magnifiques cypr\u00e8s chauves qui vont \u00eatre \u00ab\u00a0mis en d\u00e9fens\u00a0\u00bb pour pr\u00e9server leurs racines. \u00ab\u00a0En mai prochain, des visites guid\u00e9es seront propos\u00e9es pour pr\u00e9senter cet arboretum d\u2019arbres remarquables et le sentier pollinier qui explique au public le potentiel allergisant des v\u00e9g\u00e9taux\u00a0\u00bb annonce Nassera Benmarnia.<\/p>\n<p>Certains arbres centenaires profitent depuis les ann\u00e9es 70 de l\u2019arrosage automatique des pelouses herbac\u00e9es. \u00ab\u00a0Ce s\u00e9quoia y est habitu\u00e9 depuis 50 ans, explique M. Curt. On l\u2019a rendu fain\u00e9ant et m\u00eame s\u2019il a un ancrage puissant et qu\u2019il va chercher l\u2019eau \u00e0 peu pr\u00e8s partout, il aura toujours besoin de cet arrosage de surface. Ce serait une catastrophe de le lui enlever\u00a0\u00bb souligne-t-il.<\/p>\n","protected":false},"excerpt":{"rendered":"Renouveler un parc historique bient\u00f4t class\u00e9 au titre des monuments historiques, lui donner les moyens d\u2019affronter les changements&hellip;\n","protected":false},"author":2,"featured_media":312719,"comment_status":"","ping_status":"","sticky":false,"template":"","format":"standard","meta":{"footnotes":""},"categories":[2814],"tags":[1111,11,1777,674,1011,27,2861,884,12,882,25],"class_list":{"0":"post-312718","1":"post","2":"type-post","3":"status-publish","4":"format-standard","5":"has-post-thumbnail","7":"category-marseille","8":"tag-actu","9":"tag-actualites","10":"tag-eu","11":"tag-europe","12":"tag-fr","13":"tag-france","14":"tag-gestion","15":"tag-marseille","16":"tag-news","17":"tag-provence-alpes-cote-dazur","18":"tag-republique-francaise"},"share_on_mastodon":{"url":"https:\/\/pubeurope.com\/@fr\/115012841376376170","error":""},"_links":{"self":[{"href":"https:\/\/www.europesays.com\/fr\/wp-json\/wp\/v2\/posts\/312718","targetHints":{"allow":["GET"]}}],"collection":[{"href":"https:\/\/www.europesays.com\/fr\/wp-json\/wp\/v2\/posts"}],"about":[{"href":"https:\/\/www.europesays.com\/fr\/wp-json\/wp\/v2\/types\/post"}],"author":[{"embeddable":true,"href":"https:\/\/www.europesays.com\/fr\/wp-json\/wp\/v2\/users\/2"}],"replies":[{"embeddable":true,"href":"https:\/\/www.europesays.com\/fr\/wp-json\/wp\/v2\/comments?post=312718"}],"version-history":[{"count":0,"href":"https:\/\/www.europesays.com\/fr\/wp-json\/wp\/v2\/posts\/312718\/revisions"}],"wp:featuredmedia":[{"embeddable":true,"href":"https:\/\/www.europesays.com\/fr\/wp-json\/wp\/v2\/media\/312719"}],"wp:attachment":[{"href":"https:\/\/www.europesays.com\/fr\/wp-json\/wp\/v2\/media?parent=312718"}],"wp:term":[{"taxonomy":"category","embeddable":true,"href":"https:\/\/www.europesays.com\/fr\/wp-json\/wp\/v2\/categories?post=312718"},{"taxonomy":"post_tag","embeddable":true,"href":"https:\/\/www.europesays.com\/fr\/wp-json\/wp\/v2\/tags?post=312718"}],"curies":[{"name":"wp","href":"https:\/\/api.w.org\/{rel}","templated":true}]}}