{"id":312720,"date":"2025-08-11T23:57:11","date_gmt":"2025-08-11T23:57:11","guid":{"rendered":"https:\/\/www.europesays.com\/fr\/312720\/"},"modified":"2025-08-11T23:57:11","modified_gmt":"2025-08-11T23:57:11","slug":"previsions-du-mardi-12-aout-2025-8","status":"publish","type":"post","link":"https:\/\/www.europesays.com\/fr\/312720\/","title":{"rendered":"pr\u00e9visions du mardi 12 ao\u00fbt 2025"},"content":{"rendered":"<p>Aujourd&rsquo;hui, les Lyonnais vont pouvoir b\u00e9n\u00e9ficier d&rsquo;un soleil radieux. Le matin, de tr\u00e8s fortes chaleurs (entre 22\u00b0C et 36\u00b0C) sont annonc\u00e9es. Un petit vent de sud-est sera ressenti par les habitants. L&rsquo;air ambiant va se r\u00e9chauffer l&rsquo;apr\u00e8s-midi avec une hausse de plusieurs degr\u00e9s. La ville va p\u00e2tir des grosses chaleurs avec des valeurs qui pourraient grimper \u00e0 40\u00b0C. Les temp\u00e9ratures maximales attendues le soir sont importantes, avec 35\u00b0C. Pendant votre sommeil, dans la nuit de mardi \u00e0 mercredi, le ciel sera clair.<\/p>\n<p>C&rsquo;est un soleil splendide qui va briller demain sur Lyon. Les valeurs \u00e9volueront entre 22 et 39\u2009\u00b0C. Attention \u00e0 la vague de chaleur dans la matin\u00e9e. Des temp\u00e9ratures de 23 \u00e0 36\u00b0C sont pr\u00e9vues. Une l\u00e9g\u00e8re brise de sud-est soufflera. Les temp\u00e9ratures vont enregistrer une augmentation de plusieurs degr\u00e9s dans l&rsquo;apr\u00e8s-midi. Les fortes chaleurs sont install\u00e9es. Avec des valeurs comprises entre 30 et 39\u00b0C. Il faudra pr\u00e9voir des perturbations demain soir, les Lyonnais se retrouveront sous de la pluie. Un vent de sud rafra\u00eechira l\u00e9g\u00e8rement l&rsquo;atmosph\u00e8re.<\/p>\n<p>Les jours passent et se ressemblent. On anticipe des journ\u00e9es ensoleill\u00e9es, avec des temp\u00e9ratures dans les 37\u00b0C en moyenne.<\/p>\n<p>Notez que la chaleur conduit \u00e0 la fatigue : \u00e9vitez tout effort physique pendant la journ\u00e9e, principalement entre midi et 16h. Dans tous les cas, buvez de l&rsquo;eau r\u00e9guli\u00e8rement, sans attendre d&rsquo;avoir soif !<\/p>\n","protected":false},"excerpt":{"rendered":"Aujourd&rsquo;hui, les Lyonnais vont pouvoir b\u00e9n\u00e9ficier d&rsquo;un soleil radieux. Le matin, de tr\u00e8s fortes chaleurs (entre 22\u00b0C et&hellip;\n","protected":false},"author":2,"featured_media":312721,"comment_status":"","ping_status":"","sticky":false,"template":"","format":"standard","meta":{"footnotes":""},"categories":[1889],"tags":[1111,11,2430,1777,674,1011,27,2428,12,2119,25,2429,2431],"class_list":{"0":"post-312720","1":"post","2":"type-post","3":"status-publish","4":"format-standard","5":"has-post-thumbnail","7":"category-lyon","8":"tag-actu","9":"tag-actualites","10":"tag-auvergne-rhone-alpes","11":"tag-eu","12":"tag-europe","13":"tag-fr","14":"tag-france","15":"tag-lyon","16":"tag-news","17":"tag-previsions-meteo","18":"tag-republique-francaise","19":"tag-rhone","20":"tag-rhone-alpes"},"share_on_mastodon":{"url":"https:\/\/pubeurope.com\/@fr\/115012845373588730","error":""},"_links":{"self":[{"href":"https:\/\/www.europesays.com\/fr\/wp-json\/wp\/v2\/posts\/312720","targetHints":{"allow":["GET"]}}],"collection":[{"href":"https:\/\/www.europesays.com\/fr\/wp-json\/wp\/v2\/posts"}],"about":[{"href":"https:\/\/www.europesays.com\/fr\/wp-json\/wp\/v2\/types\/post"}],"author":[{"embeddable":true,"href":"https:\/\/www.europesays.com\/fr\/wp-json\/wp\/v2\/users\/2"}],"replies":[{"embeddable":true,"href":"https:\/\/www.europesays.com\/fr\/wp-json\/wp\/v2\/comments?post=312720"}],"version-history":[{"count":0,"href":"https:\/\/www.europesays.com\/fr\/wp-json\/wp\/v2\/posts\/312720\/revisions"}],"wp:featuredmedia":[{"embeddable":true,"href":"https:\/\/www.europesays.com\/fr\/wp-json\/wp\/v2\/media\/312721"}],"wp:attachment":[{"href":"https:\/\/www.europesays.com\/fr\/wp-json\/wp\/v2\/media?parent=312720"}],"wp:term":[{"taxonomy":"category","embeddable":true,"href":"https:\/\/www.europesays.com\/fr\/wp-json\/wp\/v2\/categories?post=312720"},{"taxonomy":"post_tag","embeddable":true,"href":"https:\/\/www.europesays.com\/fr\/wp-json\/wp\/v2\/tags?post=312720"}],"curies":[{"name":"wp","href":"https:\/\/api.w.org\/{rel}","templated":true}]}}