{"id":312722,"date":"2025-08-11T23:58:20","date_gmt":"2025-08-11T23:58:20","guid":{"rendered":"https:\/\/www.europesays.com\/fr\/312722\/"},"modified":"2025-08-11T23:58:20","modified_gmt":"2025-08-11T23:58:20","slug":"les-chantiers-stoppes-les-manifestations-en-plein-air-interdites","status":"publish","type":"post","link":"https:\/\/www.europesays.com\/fr\/312722\/","title":{"rendered":"les chantiers stopp\u00e9s, les manifestations en plein air interdites"},"content":{"rendered":"<p itemprop=\"description\"><strong>Ce lundi apr\u00e8s-midi, le Rh\u00f4ne a logiquement \u00e9t\u00e9 plac\u00e9 en vigilance rouge canicule par M\u00e9t\u00e9o-France.<\/strong><\/p>\n<p>Car de fortes temp\u00e9ratures sont encore annonc\u00e9es ces prochains jours, avec m\u00eame 41\u00b0C attendus mardi et mercredi.<\/p>\n<p>La pr\u00e9fecture du Rh\u00f4ne s&rsquo;adapte en cons\u00e9quence, avec des mesures pour \u00e9viter aux Lyonnais et autres habitants du d\u00e9partement de rester trop longtemps au soleil.<\/p>\n<p>Ainsi, l&rsquo;ensemble des chantiers du secteur du BTP r\u00e9alis\u00e9s en ext\u00e9rieur sont suspendus jusqu&rsquo;\u00e0 nouvel ordre dans la M\u00e9tropole de Lyon de 12h \u00e0 22h.<\/p>\n<p>Et aucune manifestation publique, revendicative, culturelle, cultuelle, sportive ou comm\u00e9morative en ext\u00e9rieur ou dans des \u00e9tablissements non climatis\u00e9s ne pourra se tenir sur l&rsquo;ensemble du territoire entre 12h et 20h.<\/p>\n<p>Les services de l&rsquo;Etat rappellent que \u00ab\u00a0l\u2019effet de la chaleur sur l\u2019organisme peut \u00eatre rapide et survient d\u00e8s les premi\u00e8res augmentations de temp\u00e9rature, \u00e0 compter du premier niveau de vigilance m\u00e9t\u00e9orologique. Pendant les fortes chaleurs, les personnes d\u00e9j\u00e0 fragilis\u00e9es (personnes \u00e2g\u00e9es, personnes atteintes d\u2019une maladie chronique, nourrissons, enfants de moins de 4 ans et personnes isol\u00e9es\u2026) sont particuli\u00e8rement vuln\u00e9rables et risquent une d\u00e9shydratation, l\u2019aggravation de leur maladie chronique ou encore un coup de chaleur. Les effets peuvent \u00e9galement \u00eatre d\u00e9cal\u00e9s dans le temps, entra\u00eenant une fatigue anormale et une aggravation des pathologies existantes\u00a0\u00bb.<\/p>\n<blockquote class=\"twitter-tweet\"><p>&#13;<\/p>\n<p dir=\"ltr\" lang=\"fr\">\ud83c\udf21\ud83c\udf1e \ud83d\udd34 <a href=\"https:\/\/twitter.com\/hashtag\/Vigilance?src=hash&amp;ref_src=twsrc%5Etfw\" rel=\"nofollow noopener\" target=\"_blank\">#Vigilance<\/a> <\/p>\n<p>\u00c0 compter de demain, mardi 12 ao\u00fbt, le d\u00e9partement du <a href=\"https:\/\/twitter.com\/hashtag\/Rh%C3%B4ne?src=hash&amp;ref_src=twsrc%5Etfw\" rel=\"nofollow noopener\" target=\"_blank\">#Rh\u00f4ne<\/a> et la <a href=\"https:\/\/twitter.com\/hashtag\/M%C3%A9tropole?src=hash&amp;ref_src=twsrc%5Etfw\" rel=\"nofollow noopener\" target=\"_blank\">#M\u00e9tropole<\/a> de Lyon passent en vigilance rouge canicule d\u00e8s 12h00. <\/p>\n<p>Devant les risques li\u00e9s \u00e0 cette alerte m\u00e9t\u00e9orologique, la Pr\u00e9f\u00e8te du Rh\u00f4ne prend les mesures suivantes \u2b07\ufe0f\u2026 <a href=\"https:\/\/t.co\/6bwTZu9FkK\" rel=\"nofollow\">pic.twitter.com\/6bwTZu9FkK<\/a><\/p>\n<p>&#13;<br \/>\n\u2014 Pr\u00e9f\u00e8te de r\u00e9gion Auvergne-Rh\u00f4ne-Alpes et du Rh\u00f4ne (@prefetrhone) <a href=\"https:\/\/twitter.com\/prefetrhone\/status\/1954938071520350717?ref_src=twsrc%5Etfw\" rel=\"nofollow noopener\" target=\"_blank\">August 11, 2025<\/a><\/p><\/blockquote>\n<p>\t\t  <script async src=\"https:\/\/platform.twitter.com\/widgets.js\" charset=\"utf-8\"><\/script><\/p>\n","protected":false},"excerpt":{"rendered":"Ce lundi apr\u00e8s-midi, le Rh\u00f4ne a logiquement \u00e9t\u00e9 plac\u00e9 en vigilance rouge canicule par M\u00e9t\u00e9o-France. Car de fortes&hellip;\n","protected":false},"author":2,"featured_media":312723,"comment_status":"","ping_status":"","sticky":false,"template":"","format":"standard","meta":{"footnotes":""},"categories":[1889],"tags":[1111,11,2813,2190,2430,1109,251,1112,2811,1777,674,118,1011,27,1922,1110,1114,2428,2810,12,241,316,25,2812,517,800],"class_list":{"0":"post-312722","1":"post","2":"type-post","3":"status-publish","4":"format-standard","5":"has-post-thumbnail","7":"category-lyon","8":"tag-actu","9":"tag-actualites","10":"tag-article","11":"tag-asvel","12":"tag-auvergne-rhone-alpes","13":"tag-breves","14":"tag-culture","15":"tag-depeches","16":"tag-economique","17":"tag-eu","18":"tag-europe","19":"tag-faits-divers","20":"tag-fr","21":"tag-france","22":"tag-info","23":"tag-informations","24":"tag-infos","25":"tag-lyon","26":"tag-lyonmag","27":"tag-news","28":"tag-ol","29":"tag-politique","30":"tag-republique-francaise","31":"tag-sociale","32":"tag-sport","33":"tag-transports"},"share_on_mastodon":{"url":"https:\/\/pubeurope.com\/@fr\/115012849004421497","error":""},"_links":{"self":[{"href":"https:\/\/www.europesays.com\/fr\/wp-json\/wp\/v2\/posts\/312722","targetHints":{"allow":["GET"]}}],"collection":[{"href":"https:\/\/www.europesays.com\/fr\/wp-json\/wp\/v2\/posts"}],"about":[{"href":"https:\/\/www.europesays.com\/fr\/wp-json\/wp\/v2\/types\/post"}],"author":[{"embeddable":true,"href":"https:\/\/www.europesays.com\/fr\/wp-json\/wp\/v2\/users\/2"}],"replies":[{"embeddable":true,"href":"https:\/\/www.europesays.com\/fr\/wp-json\/wp\/v2\/comments?post=312722"}],"version-history":[{"count":0,"href":"https:\/\/www.europesays.com\/fr\/wp-json\/wp\/v2\/posts\/312722\/revisions"}],"wp:featuredmedia":[{"embeddable":true,"href":"https:\/\/www.europesays.com\/fr\/wp-json\/wp\/v2\/media\/312723"}],"wp:attachment":[{"href":"https:\/\/www.europesays.com\/fr\/wp-json\/wp\/v2\/media?parent=312722"}],"wp:term":[{"taxonomy":"category","embeddable":true,"href":"https:\/\/www.europesays.com\/fr\/wp-json\/wp\/v2\/categories?post=312722"},{"taxonomy":"post_tag","embeddable":true,"href":"https:\/\/www.europesays.com\/fr\/wp-json\/wp\/v2\/tags?post=312722"}],"curies":[{"name":"wp","href":"https:\/\/api.w.org\/{rel}","templated":true}]}}