{"id":312724,"date":"2025-08-12T00:02:12","date_gmt":"2025-08-12T00:02:12","guid":{"rendered":"https:\/\/www.europesays.com\/fr\/312724\/"},"modified":"2025-08-12T00:02:12","modified_gmt":"2025-08-12T00:02:12","slug":"letat-annonce-lenvoi-de-renforts-apres-les-caillassages-ayant-fait-au-moins-un-blesse","status":"publish","type":"post","link":"https:\/\/www.europesays.com\/fr\/312724\/","title":{"rendered":"l\u2019\u00c9tat annonce l&rsquo;envoi de renforts apr\u00e8s les caillassages ayant fait au moins un bless\u00e9"},"content":{"rendered":"<p class=\"article__intro\">Apr\u00e8s un week-end marqu\u00e9 par des jets de pierres sur des voitures, habitations et forces de l\u2019ordre, la ville de Gravelines obtient un renfort policier. Patrouilles de nuit, surveillance renforc\u00e9e et d\u00e9mant\u00e8lement de campements sont annonc\u00e9s par les autorit\u00e9s.<\/p>\n<p>\n      La Quotidienne Soci\u00e9t\u00e9\n    <\/p>\n<p>\n      De la vie quotidienne aux grands enjeux, recevez tous les jours les sujets qui font la soci\u00e9t\u00e9 locale, comme la justice, l\u2019\u00e9ducation, la sant\u00e9 et la famille.\n    <\/p>\n<p>    France T\u00e9l\u00e9visions utilise votre adresse e-mail afin de vous envoyer la newsletter \u00ab\u00a0La Quotidienne Soci\u00e9t\u00e9\u00a0\u00bb. Vous pouvez vous d\u00e9sinscrire \u00e0 tout moment via le lien en bas de cette newsletter. <a target=\"_blank\" href=\"https:\/\/www.francetelevisions.fr\/groupe\/confidentialite\/politique-de-confidentialite\/politique-de-confidentialite-de-france-televisions-6503\" rel=\"nofollow noopener\">Notre politique de confidentialit\u00e9<\/a><\/p>\n<p>Suite \u00e0 une flamb\u00e9e de violences le week-end du 9 et 10 ao\u00fbt 2025, la ville de Gravelines a fait appel aux autorit\u00e9s pr\u00e9fectorales.<\/p>\n<p>Des groupes de migrants ont caillass\u00e9 en pleine nuit des v\u00e9hicules en stationnement, en circulation, mais aussi des habitations et m\u00eame les v\u00e9hicules de pompiers et de police d\u00e9p\u00each\u00e9s sur les lieux. Au moins une personne a \u00e9t\u00e9 bless\u00e9e.<\/p>\n<p>Une ins\u00e9curit\u00e9 croissante \u00e0 laquelle Gravelines ne peut faire face seule, Vincent Lagoguey, pr\u00e9fet d\u00e9l\u00e9gu\u00e9 \u00e0 la d\u00e9fense et \u00e0 la s\u00e9curit\u00e9, ainsi que Fr\u00e9d\u00e9ric Loiseau, sous pr\u00e9fet de l&rsquo;arrondissement de Dunkerque, sont venus t\u00e9moigner de la solidarit\u00e9 de l&rsquo;\u00c9tat et annoncer des renforts de police, au micro de France 3 Hauts-de-France.<\/p>\n<p>La ville de Gravelines est-elle d\u00e9bord\u00e9e par une flamb\u00e9e de violences ces derniers jours ?<\/p>\n<p><strong>Vincent Lagoguey:<\/strong> \u00ab\u00a0Des incidents localis\u00e9s ont \u00e9maill\u00e9 le mois de juillet. On vient avec des annonces tr\u00e8s concr\u00e8tes qui ont \u00e9t\u00e9 travaill\u00e9es depuis plusieurs semaines avec Monsieur le Maire de Gravelines, son adjoint, et le sous-pr\u00e9fet de Dunkerque.<\/p>\n<p>Nous allons renforcer le centre de surveillance urbaine (&#8230;), renforcer d&rsquo;abord dans son amplitude horaire et renforcer dans son organisation. Un officier de plus sera physiquement pr\u00e9sent de fa\u00e7on \u00e0 pouvoir coordonner en temps r\u00e9el des patrouilles qui vont \u00eatre \u00e9galement renforc\u00e9es en nuit profonde au moment o\u00f9 les choses potentiellement se passent.<\/p>\n<p>Nous aurons des gens en permanence pour surveiller les agissements \u00e9ventuels des groupes et qui vont orienter les patrouilles pour \u00eatre en temps r\u00e9el au bon moment. D&rsquo;abord pour dissuader, c\u2019est notre premier objectif. Mais \u00e9galement pour r\u00e9primer si besoin.<\/p>\n<p>Nous allons accompagner ce travail ponctuel avec un travail de fond sur les campements de fa\u00e7on \u00e0 marquer notre empreinte et faire en sorte de proc\u00e9der \u00e0 des d\u00e9mant\u00e8lements, de rechercher les auteurs, de rechercher les armes, de rechercher des projectiles le cas \u00e9ch\u00e9ant. Et de faire en sorte de pouvoir interpeller les personnes qui seraient \u00e0 l&rsquo;origine de tels agissements.\u00a0\u00bb<\/p>\n<p>La CRS 8 va-t-elle \u00eatre d\u00e9ploy\u00e9e ?<\/p>\n<p><strong>Vincent Lagoguey <\/strong>: \u00ab\u00a0On n&rsquo;est pas du tout dans l&rsquo;id\u00e9e d&rsquo;une CRS 8 parce que ce sont des dispositifs qui sont vraiment tr\u00e8s li\u00e9s aux \u00e9meutes urbaines. On n&rsquo;est pas du tout dans ce volume.<\/p>\n<p>Dans ce type de probl\u00e9matique, on va apporter dans une op\u00e9ration significative. On va d&rsquo;abord avoir des patrouilles qui vont venir sur le terrain pour sillonner les vecteurs o\u00f9 il y a eu des difficult\u00e9s. Donc \u00e7a, ce sont des renforts du d\u00e9partement qui vont venir dans la nuit profonde et ce sera visible pour les habitants comme pour les salari\u00e9s et les entreprises qui sont concern\u00e9es.<\/p>\n<p>Et nous allons apporter des unit\u00e9s de force mobile qui vont venir renforcer le dispositif pendant plusieurs semaines.\u00a0\u00bb<\/p>\n<p>Gravelines est-elle devenue un point \u00ab\u00a0chaud\u00a0\u00bb de l&rsquo;activit\u00e9 migratoire ?<\/p>\n<p><strong>Fr\u00e9d\u00e9ric Loiseau : <\/strong>\u00ab\u00a0Les probl\u00e8mes bougent et les probl\u00e9matiques ne sont jamais les m\u00eames.<\/p>\n<p>C&rsquo;est vrai que depuis quelque temps, nous avons beaucoup de probl\u00e8mes sur Gravelines et nous essayons d&rsquo;adapter notre dispositif aux difficult\u00e9s du moment.<\/p>\n<p>L&rsquo;objectif essentiel, c&rsquo;est de faire en sorte que la population ne subisse pas les effets collat\u00e9raux d&rsquo;un probl\u00e8me qui les d\u00e9passe compl\u00e8tement, qui est le ph\u00e9nom\u00e8ne migratoire et la volont\u00e9 farouche d&rsquo;un certain nombre de personnes de rejoindre le Royaume-Uni dans des conditions qui sont dans les conditions \u00e9pouvantables que nous connaissons.<\/p>\n<p>Nous voulons donner une r\u00e9ponse ferme, de nature r\u00e9pressive clairement assum\u00e9e et judiciaire parce qu\u2019il y a des actes qu&rsquo;on ne peut pas accepter, que l&rsquo;on soit fran\u00e7ais, syrien ou irakien, on n&rsquo;a pas \u00e0 jeter des pierres sur des voitures, on n&rsquo;a pas \u00e0 blesser des gens, on n&rsquo;a pas \u00e0 faire des destructions de biens comme ceux que l&rsquo;on constate. Et c&rsquo;est une r\u00e9ponse judiciaire qui doit \u00eatre donn\u00e9e dans le cadre d&rsquo;un dispositif r\u00e9pressif.\u00a0\u00bb<\/p>\n<p>Avec Thomas Millot \/ France T\u00e9l\u00e9visions<\/p>\n","protected":false},"excerpt":{"rendered":"Apr\u00e8s un week-end marqu\u00e9 par des jets de pierres sur des voitures, habitations et forces de l\u2019ordre, la&hellip;\n","protected":false},"author":2,"featured_media":312725,"comment_status":"","ping_status":"","sticky":false,"template":"","format":"standard","meta":{"footnotes":""},"categories":[1888],"tags":[1111,1928,11,1927,1777,674,1011,27,12,1926,626,1925,25],"class_list":{"0":"post-312724","1":"post","2":"type-post","3":"status-publish","4":"format-standard","5":"has-post-thumbnail","7":"category-paris","8":"tag-actu","9":"tag-actu-paris","10":"tag-actualites","11":"tag-actualites-paris","12":"tag-eu","13":"tag-europe","14":"tag-fr","15":"tag-france","16":"tag-news","17":"tag-news-paris","18":"tag-paris","19":"tag-paris-news","20":"tag-republique-francaise"},"share_on_mastodon":{"url":"https:\/\/pubeurope.com\/@fr\/115012864768861038","error":""},"_links":{"self":[{"href":"https:\/\/www.europesays.com\/fr\/wp-json\/wp\/v2\/posts\/312724","targetHints":{"allow":["GET"]}}],"collection":[{"href":"https:\/\/www.europesays.com\/fr\/wp-json\/wp\/v2\/posts"}],"about":[{"href":"https:\/\/www.europesays.com\/fr\/wp-json\/wp\/v2\/types\/post"}],"author":[{"embeddable":true,"href":"https:\/\/www.europesays.com\/fr\/wp-json\/wp\/v2\/users\/2"}],"replies":[{"embeddable":true,"href":"https:\/\/www.europesays.com\/fr\/wp-json\/wp\/v2\/comments?post=312724"}],"version-history":[{"count":0,"href":"https:\/\/www.europesays.com\/fr\/wp-json\/wp\/v2\/posts\/312724\/revisions"}],"wp:featuredmedia":[{"embeddable":true,"href":"https:\/\/www.europesays.com\/fr\/wp-json\/wp\/v2\/media\/312725"}],"wp:attachment":[{"href":"https:\/\/www.europesays.com\/fr\/wp-json\/wp\/v2\/media?parent=312724"}],"wp:term":[{"taxonomy":"category","embeddable":true,"href":"https:\/\/www.europesays.com\/fr\/wp-json\/wp\/v2\/categories?post=312724"},{"taxonomy":"post_tag","embeddable":true,"href":"https:\/\/www.europesays.com\/fr\/wp-json\/wp\/v2\/tags?post=312724"}],"curies":[{"name":"wp","href":"https:\/\/api.w.org\/{rel}","templated":true}]}}