{"id":312726,"date":"2025-08-12T00:03:22","date_gmt":"2025-08-12T00:03:22","guid":{"rendered":"https:\/\/www.europesays.com\/fr\/312726\/"},"modified":"2025-08-12T00:03:22","modified_gmt":"2025-08-12T00:03:22","slug":"de-nouvelles-suppressions-de-trains-prevues-entre-clermont-ferrand-et-paris","status":"publish","type":"post","link":"https:\/\/www.europesays.com\/fr\/312726\/","title":{"rendered":"De nouvelles suppressions de trains pr\u00e9vues entre Clermont-Ferrand et Paris"},"content":{"rendered":"<p>La SNCF va supprimer \u00e0 nouveau des Intercit\u00e9s mardi et mercredi. Les vieilles voitures Corail supportent mal la chaleur et Intercit\u00e9s anticipe une \u00e9ventuelle panne de climatisation.<\/p>\n<p>Cela fera d\u00e9j\u00e0 cinq jours et cela risque de durer encore un peu, au moins lors des deux prochaines journ\u00e9es. Deux des sept allers-retours quotidiens entre Clermont et Paris seront \u00e0 nouveau supprim\u00e9s ce mardi et ce mercredi. Ce sont les trains qui circulent en d\u00e9but d&rsquo;apr\u00e8s-midi, au plus fort de la chaleur, qui sont concern\u00e9s.<\/p>\n<p>Une mesure de pr\u00e9vention devant le risque d&rsquo;une panne de climatisation. Elles sont en surchauffe dans les vieilles voitures Corail, avec des pannes assez fr\u00e9quentes. Cons\u00e9quence\u00a0: la temp\u00e9rature peut vite monter dans les voitures sans climatisation, obligeant les contr\u00f4leurs \u00e0 d\u00e9placer les voyageurs vers les autres voitures, o\u00f9 il reste un peu d&rsquo;air frais. Malgr\u00e9 les op\u00e9rations de r\u00e9vision men\u00e9es dans les ateliers de la SNCF, les Corail accusent leur \u00e2ge\u00a0: 50 ans pour les plus anciennes, un peu moins pour les autres.<\/p>\n<p>Les trains supprim\u00e9s<\/p>\n<ul>\n<li><strong>Dans le sens Clermont &#8211; Paris\u00a0:<\/strong>\u00a0d\u00e9part 10H27 et 13H28<\/li>\n<li><strong>Dans le sens Paris &#8211; Clermont\u00a0:<\/strong>\u00a0d\u00e9part 13H00 et 13H57 (ou 14H01)<\/li>\n<\/ul>\n<p>Pour le moment, aucune d\u00e9cision de suppression n&rsquo;a \u00e9t\u00e9 prise pour la fin de la semaine, mais M\u00e9t\u00e9o France annonce des temp\u00e9ratures qui seront toujours chaudes. Il y a donc de fortes chances que de nouvelles suppressions de trains soient programm\u00e9es.<\/p>\n","protected":false},"excerpt":{"rendered":"La SNCF va supprimer \u00e0 nouveau des Intercit\u00e9s mardi et mercredi. Les vieilles voitures Corail supportent mal la&hellip;\n","protected":false},"author":2,"featured_media":312727,"comment_status":"","ping_status":"","sticky":false,"template":"","format":"standard","meta":{"footnotes":""},"categories":[1888],"tags":[1111,1928,11,1927,1777,674,1011,27,12,1926,626,1925,25],"class_list":{"0":"post-312726","1":"post","2":"type-post","3":"status-publish","4":"format-standard","5":"has-post-thumbnail","7":"category-paris","8":"tag-actu","9":"tag-actu-paris","10":"tag-actualites","11":"tag-actualites-paris","12":"tag-eu","13":"tag-europe","14":"tag-fr","15":"tag-france","16":"tag-news","17":"tag-news-paris","18":"tag-paris","19":"tag-paris-news","20":"tag-republique-francaise"},"share_on_mastodon":{"url":"https:\/\/pubeurope.com\/@fr\/115012868687539078","error":""},"_links":{"self":[{"href":"https:\/\/www.europesays.com\/fr\/wp-json\/wp\/v2\/posts\/312726","targetHints":{"allow":["GET"]}}],"collection":[{"href":"https:\/\/www.europesays.com\/fr\/wp-json\/wp\/v2\/posts"}],"about":[{"href":"https:\/\/www.europesays.com\/fr\/wp-json\/wp\/v2\/types\/post"}],"author":[{"embeddable":true,"href":"https:\/\/www.europesays.com\/fr\/wp-json\/wp\/v2\/users\/2"}],"replies":[{"embeddable":true,"href":"https:\/\/www.europesays.com\/fr\/wp-json\/wp\/v2\/comments?post=312726"}],"version-history":[{"count":0,"href":"https:\/\/www.europesays.com\/fr\/wp-json\/wp\/v2\/posts\/312726\/revisions"}],"wp:featuredmedia":[{"embeddable":true,"href":"https:\/\/www.europesays.com\/fr\/wp-json\/wp\/v2\/media\/312727"}],"wp:attachment":[{"href":"https:\/\/www.europesays.com\/fr\/wp-json\/wp\/v2\/media?parent=312726"}],"wp:term":[{"taxonomy":"category","embeddable":true,"href":"https:\/\/www.europesays.com\/fr\/wp-json\/wp\/v2\/categories?post=312726"},{"taxonomy":"post_tag","embeddable":true,"href":"https:\/\/www.europesays.com\/fr\/wp-json\/wp\/v2\/tags?post=312726"}],"curies":[{"name":"wp","href":"https:\/\/api.w.org\/{rel}","templated":true}]}}