{"id":312742,"date":"2025-08-12T00:12:45","date_gmt":"2025-08-12T00:12:45","guid":{"rendered":"https:\/\/www.europesays.com\/fr\/312742\/"},"modified":"2025-08-12T00:12:45","modified_gmt":"2025-08-12T00:12:45","slug":"la-face-cachee-des-tomates-marocaines-bon-marche","status":"publish","type":"post","link":"https:\/\/www.europesays.com\/fr\/312742\/","title":{"rendered":"la face cach\u00e9e des tomates marocaines bon march\u00e9"},"content":{"rendered":"<p>\n    Avec l&rsquo;\u00e9t\u00e9, c&rsquo;est le retour des barquettes de tomates cerises \u00e0 0,99 centime sur nos \u00e9tals ! En r\u00e9alit\u00e9, ces produits n&rsquo;attendent plus la belle saison pour s&rsquo;inviter dans nos supermarch\u00e9s. Depuis la signature d&rsquo;un accord d&rsquo;association avec l&rsquo;Union europ\u00e9enne (UE), les tomates marocaines s&rsquo;exportent massivement en Europe et notamment en France, au point d&rsquo;\u00eatre devenues un symbole de concurrence d\u00e9loyale pour les agriculteurs. Mais entre d\u00e9pendance alimentaire et risque de s\u00e9cheresse, le Maroc risque aussi de payer cher cet accord.\n<\/p>\n<p class=\"article-text article-body__item\">\n    C\u2019est le retour des tomates mozzarella et des barquettes de tomates cerises bon march\u00e9 ! Les plus observateurs d\u2019entre vous l\u2019auront s\u00fbrement remarqu\u00e9 : cette ann\u00e9e encore, les \u00e9talages des supermarch\u00e9s sont inond\u00e9s de petits l\u00e9gumes rouges en provenance du Maroc \u00e0 des prix d\u00e9fiants toute concurrence. \u00c0 tel point que la tomate marocaine est devenue le symbole d&rsquo;une concurrence d\u00e9loyale impos\u00e9e aux agriculteurs fran\u00e7ais, qui peinent d\u00e9j\u00e0 \u00e0 affronter des al\u00e9as climatiques de plus en plus fr\u00e9quents. Entre 2016 et 2023, la production de tomates a m\u00eame baiss\u00e9 de 20 % en France, d&rsquo;apr\u00e8s une <a href=\"https:\/\/www.businesscoot.com\/fr\/etude\/le-marche-de-la-tomate-france\" rel=\"noopener nofollow\" target=\"_blank\">\u00e9tude du cabinet Businesscoot<\/a> parue en octobre 2024.<\/p>\n","protected":false},"excerpt":{"rendered":"Avec l&rsquo;\u00e9t\u00e9, c&rsquo;est le retour des barquettes de tomates cerises \u00e0 0,99 centime sur nos \u00e9tals ! En&hellip;\n","protected":false},"author":2,"featured_media":312743,"comment_status":"","ping_status":"","sticky":false,"template":"","format":"standard","meta":{"footnotes":""},"categories":[1586],"tags":[11,1777,674,1779,1011,27,12,25,1778,364],"class_list":{"0":"post-312742","1":"post","2":"type-post","3":"status-publish","4":"format-standard","5":"has-post-thumbnail","7":"category-europe","8":"tag-actualites","9":"tag-eu","10":"tag-europe","11":"tag-european-union","12":"tag-fr","13":"tag-france","14":"tag-news","15":"tag-republique-francaise","16":"tag-ue","17":"tag-union-europeenne"},"share_on_mastodon":{"url":"https:\/\/pubeurope.com\/@fr\/115012904174304603","error":""},"_links":{"self":[{"href":"https:\/\/www.europesays.com\/fr\/wp-json\/wp\/v2\/posts\/312742","targetHints":{"allow":["GET"]}}],"collection":[{"href":"https:\/\/www.europesays.com\/fr\/wp-json\/wp\/v2\/posts"}],"about":[{"href":"https:\/\/www.europesays.com\/fr\/wp-json\/wp\/v2\/types\/post"}],"author":[{"embeddable":true,"href":"https:\/\/www.europesays.com\/fr\/wp-json\/wp\/v2\/users\/2"}],"replies":[{"embeddable":true,"href":"https:\/\/www.europesays.com\/fr\/wp-json\/wp\/v2\/comments?post=312742"}],"version-history":[{"count":0,"href":"https:\/\/www.europesays.com\/fr\/wp-json\/wp\/v2\/posts\/312742\/revisions"}],"wp:featuredmedia":[{"embeddable":true,"href":"https:\/\/www.europesays.com\/fr\/wp-json\/wp\/v2\/media\/312743"}],"wp:attachment":[{"href":"https:\/\/www.europesays.com\/fr\/wp-json\/wp\/v2\/media?parent=312742"}],"wp:term":[{"taxonomy":"category","embeddable":true,"href":"https:\/\/www.europesays.com\/fr\/wp-json\/wp\/v2\/categories?post=312742"},{"taxonomy":"post_tag","embeddable":true,"href":"https:\/\/www.europesays.com\/fr\/wp-json\/wp\/v2\/tags?post=312742"}],"curies":[{"name":"wp","href":"https:\/\/api.w.org\/{rel}","templated":true}]}}