{"id":312746,"date":"2025-08-12T00:14:13","date_gmt":"2025-08-12T00:14:13","guid":{"rendered":"https:\/\/www.europesays.com\/fr\/312746\/"},"modified":"2025-08-12T00:14:13","modified_gmt":"2025-08-12T00:14:13","slug":"la-fonte-des-glaces-en-antarctique-devoile-les-restes-dun-chercheur-disparu-il-y-a-pres-de-70-ans","status":"publish","type":"post","link":"https:\/\/www.europesays.com\/fr\/312746\/","title":{"rendered":"La fonte des glaces en Antarctique d\u00e9voile les restes d\u2019un chercheur disparu il y a pr\u00e8s de 70\u00a0ans"},"content":{"rendered":"<p>        <img decoding=\"async\" loading=\"lazy\" src=\"https:\/\/www.europesays.com\/fr\/wp-content\/uploads\/2025\/08\/a2633f0_upload-1-zynrrppkivzh-000-1p071i.jpg\"  width=\"728\" height=\"409\" alt=\"Les restes d\u2019un chercheur britannique ont \u00e9t\u00e9 retrouv\u00e9s avec la fonte des glaces. (Photo d\u2019illustration de l\u2019Antarctique sans neige, dans la baie de Fildes, sur l\u2019\u00eele du Roi-George, le 14\u00a0f\u00e9vrier 2020.)\"\/>  <\/p>\n<p>&#8211; \/ AFP<\/p>\n<p>Les restes d\u2019un chercheur britannique ont \u00e9t\u00e9 retrouv\u00e9s avec la fonte des glaces. (Photo d\u2019illustration de l\u2019Antarctique sans neige, dans la baie de Fildes, sur l\u2019\u00eele du Roi-George, le 14\u00a0f\u00e9vrier 2020.)<\/p>\n<p class=\"asset asset-text\">SCIENCE &#8211; Il avait disparu en 1959 lors d\u2019une mission en\u00a0<a href=\"https:\/\/www.huffingtonpost.fr\/environnement\/article\/en-antarctique-un-scientifique-bloque-avec-un-collegue-dangereux-lance-un-appel-a-l-aide_247606.html\" target=\"_blank\" rel=\"noopener\">Antarctique<\/a>. Les restes d\u2019un <a href=\"https:\/\/www.huffingtonpost.fr\/politique\/article\/l-operation-seduction-de-macron-pour-les-chercheurs-etrangers-laisse-circonspect-en-france_249027.html\" target=\"_blank\" rel=\"noopener\">chercheur <\/a>britannique ont \u00e9t\u00e9 retrouv\u00e9s cette ann\u00e9e avec la fonte des glaces et rendus \u00e0 sa famille, a r\u00e9v\u00e9l\u00e9 ce lundi 11\u00a0ao\u00fbt le British Antarctic Survey (BAS).<\/p>\n<p class=\"asset asset-text\">Dennis Bell, jeune m\u00e9t\u00e9orologue de 25\u00a0ans, \u00e9tait tomb\u00e9 dans une crevasse sur un glacier de l\u2019Ile du roi George, plus grande \u00eele de l\u2019archipel des Shetland du sud, le 26\u00a0juillet\u00a01959.<\/p>\n<p class=\"asset asset-text\">Ses restes ont \u00e9t\u00e9 retrouv\u00e9s cette ann\u00e9e par une \u00e9quipe de scientifiques polonais. Ils ont refait surface au milieu de rochers, \u00e0 la faveur du recul des glaces en\u00a0Antarctique, a rapport\u00e9 le BAS.<\/p>\n<p>    Une chute fatale    <\/p>\n<p class=\"asset asset-text\">Apr\u00e8s avoir rejoint la Royal Air Force pour son service militaire, Dennis Bell avait rejoint le FIDS, pr\u00e9d\u00e9cesseur du BAS, en tant que m\u00e9t\u00e9orologue en 1958.<\/p>\n<p class=\"asset asset-text\">Il est imm\u00e9diatement affect\u00e9 sur la base britannique d\u2019Admiralty Bay sur l\u2019\u00eele du roi George, o\u00f9 il doit passer deux ans. \u00c0 l\u2019\u00e9poque une douzaine d\u2019hommes occupent la base, entour\u00e9e de montagnes et d\u2019eaux recouvertes de glace neuf mois par an.<\/p>\n<p class=\"asset asset-text\">Le 26\u00a0juillet\u00a01959, au coeur de l\u2019hiver austral, Dennis Bell et trois autres hommes, accompagn\u00e9s de chiens de tra\u00eeneau, sortent pour mener des relev\u00e9s sur un glacier.<\/p>\n<p class=\"asset asset-text\">\u00c0 un moment, le m\u00e9t\u00e9orologue quitte ses skis pour aider les chiens \u00e0 avancer et tombe dans une crevasse. Localis\u00e9 par ses compagnons, il parvient \u00e0 \u00eatre hiss\u00e9 gr\u00e2ce \u00e0 une corde attach\u00e9e \u00e0 sa ceinture, mais cette derni\u00e8re c\u00e8de sous le poids et le jeune homme fait une deuxi\u00e8me chute qui lui est fatale, selon le r\u00e9cit de ses coll\u00e8gues.<\/p>\n<p class=\"asset asset-text\">En janvier dernier, des scientifiques travaillant sur une base polonaise situ\u00e9e sur l\u2019\u00eele du roi George sont tomb\u00e9s sur ses restes et d\u2019autres objets.<\/p>\n<p class=\"asset asset-text\">Des tests ADN, compar\u00e9s \u00e0 des \u00e9chantillons pr\u00e9lev\u00e9s sur le fr\u00e8re et la s\u0153ur de Dennis Bell, ont confirm\u00e9 qu\u2019il s\u2019agissait bien du jeune Britannique.<\/p>\n<p>    Cette d\u00e9couverte \u00ab\u00a0met fin \u00e0 un myst\u00e8re vieux de plusieurs d\u00e9cennies\u00a0\u00bb    <\/p>\n<p class=\"asset asset-text\">\u00ab\u00a0Quand ma s\u0153ur Valerie et moi avons \u00e9t\u00e9 inform\u00e9s que notre fr\u00e8re Dennis avait \u00e9t\u00e9 retrouv\u00e9 apr\u00e8s 66\u00a0ans, nous \u00e9tions sous le choc\u00a0\u00bb, a racont\u00e9 David Bell, cit\u00e9 dans le communiqu\u00e9 du British Antartic Survey.<\/p>\n<p class=\"asset asset-text\">Dennis a fait partie de ceux qui ont \u00ab\u00a0contribu\u00e9 aux d\u00e9buts de l\u2019exploration et des recherches sur l\u2019Antarctique, dans des conditions incroyablement dures\u00a0\u00bb, a comment\u00e9 la professeure Jane Francis, directrice du BAS.<\/p>\n<p class=\"asset asset-text\">Cette d\u00e9couverte \u00ab\u00a0met fin \u00e0 un myst\u00e8re vieux de plusieurs d\u00e9cennies et nous rappelle les parcours humains attach\u00e9s \u00e0 l\u2019histoire de la recherche en\u00a0Antarctique\u00a0\u00bb, a-t-elle ajout\u00e9.<\/p>\n","protected":false},"excerpt":{"rendered":"&#8211; \/ AFP Les restes d\u2019un chercheur britannique ont \u00e9t\u00e9 retrouv\u00e9s avec la fonte des glaces. (Photo d\u2019illustration&hellip;\n","protected":false},"author":2,"featured_media":312747,"comment_status":"","ping_status":"","sticky":false,"template":"","format":"standard","meta":{"footnotes":""},"categories":[2],"tags":[11,5764,7079,45241,1011,27,14,12,25,43],"class_list":{"0":"post-312746","1":"post","2":"type-post","3":"status-publish","4":"format-standard","5":"has-post-thumbnail","7":"category-actualites","8":"tag-actualites","9":"tag-antarctique","10":"tag-chercheurs","11":"tag-fonte-des-glaces","12":"tag-fr","13":"tag-france","14":"tag-international","15":"tag-news","16":"tag-republique-francaise","17":"tag-science"},"share_on_mastodon":{"url":"https:\/\/pubeurope.com\/@fr\/115012912012890251","error":""},"_links":{"self":[{"href":"https:\/\/www.europesays.com\/fr\/wp-json\/wp\/v2\/posts\/312746","targetHints":{"allow":["GET"]}}],"collection":[{"href":"https:\/\/www.europesays.com\/fr\/wp-json\/wp\/v2\/posts"}],"about":[{"href":"https:\/\/www.europesays.com\/fr\/wp-json\/wp\/v2\/types\/post"}],"author":[{"embeddable":true,"href":"https:\/\/www.europesays.com\/fr\/wp-json\/wp\/v2\/users\/2"}],"replies":[{"embeddable":true,"href":"https:\/\/www.europesays.com\/fr\/wp-json\/wp\/v2\/comments?post=312746"}],"version-history":[{"count":0,"href":"https:\/\/www.europesays.com\/fr\/wp-json\/wp\/v2\/posts\/312746\/revisions"}],"wp:featuredmedia":[{"embeddable":true,"href":"https:\/\/www.europesays.com\/fr\/wp-json\/wp\/v2\/media\/312747"}],"wp:attachment":[{"href":"https:\/\/www.europesays.com\/fr\/wp-json\/wp\/v2\/media?parent=312746"}],"wp:term":[{"taxonomy":"category","embeddable":true,"href":"https:\/\/www.europesays.com\/fr\/wp-json\/wp\/v2\/categories?post=312746"},{"taxonomy":"post_tag","embeddable":true,"href":"https:\/\/www.europesays.com\/fr\/wp-json\/wp\/v2\/tags?post=312746"}],"curies":[{"name":"wp","href":"https:\/\/api.w.org\/{rel}","templated":true}]}}