{"id":312750,"date":"2025-08-12T00:18:13","date_gmt":"2025-08-12T00:18:13","guid":{"rendered":"https:\/\/www.europesays.com\/fr\/312750\/"},"modified":"2025-08-12T00:18:13","modified_gmt":"2025-08-12T00:18:13","slug":"au-mondial-feminin-2025-de-rugby-les-joueuses-seront-equipees-de-protege-dents-connectes-lumineux","status":"publish","type":"post","link":"https:\/\/www.europesays.com\/fr\/312750\/","title":{"rendered":"Au Mondial f\u00e9minin 2025 de rugby, les joueuses seront \u00e9quip\u00e9es de prot\u00e8ge-dents connect\u00e9s lumineux"},"content":{"rendered":"<p>        <img decoding=\"async\" loading=\"lazy\" src=\"https:\/\/www.europesays.com\/fr\/wp-content\/uploads\/2025\/08\/08069f2_upload-1-o6axlwzp5hjs-afp-20250427-dppi-50625011-032-v1-highres-rugbywomenssixnations2025eng.jpeg\"  width=\"728\" height=\"409\" alt=\"Abby Dow et Kelly Arbey durant le tournoi f\u00e9minin des VI nations 2025\u00a0\u00e0 Twickenham.\"\/>  <\/p>\n<p>ASHLEY WESTERN \/ DPPI via AFP<\/p>\n<p>Abby Dow et Kelly Arbey durant le tournoi f\u00e9minin des VI nations 2025\u00a0\u00e0 Twickenham.<\/p>\n<p class=\"asset asset-text\">SPORT &#8211; Une (petite) r\u00e9volution en perspective. Juste avant le coup d\u2019envoi de la <a href=\"https:\/\/www.huffingtonpost.fr\/sport\/article\/football-la-coupe-du-monde-feminine-aura-autant-d-equipes-que-la-masculine-a-partir-de-2031_249829.html\" target=\"_blank\" rel=\"noopener\">Coupe du monde f\u00e9minine<\/a> de <a href=\"https:\/\/www.huffingtonpost.fr\/sport\/article\/la-folie-a-toulouse-qui-fete-ses-vainqueurs-du-top-14-dans-une-ambiance-bouillante_251979.html\" target=\"_blank\" rel=\"noopener\">rugby<\/a>, World Rugby a d\u00e9voil\u00e9 une nouveaut\u00e9 qui pourrait para\u00eetre anodine pour certains, mais qui pourrait progressivement changer la face du petit monde de l\u2019ovalie.<\/p>\n<p class=\"asset asset-text\">Et pour cause, ce lundi 11\u00a0ao\u00fbt, la f\u00e9d\u00e9ration internationale de rugby a approuv\u00e9 l\u2019utilisation de prot\u00e8ge-dents connect\u00e9s par <a href=\"https:\/\/www.huffingtonpost.fr\/sport\/article\/rugby-feminin-le-xv-de-france-s-effondre-contre-l-angleterre-qui-signe-un-6e-grand-chelem-consecutif_233244.html\" target=\"_blank\" rel=\"noopener\">les joueuses<\/a> qui disputeront la comp\u00e9tition internationale en Angleterre du 22\u00a0ao\u00fbt au 27\u00a0septembre. Il ne faudra donc pas \u00eatre surpris de voir quelques visages illumin\u00e9s apr\u00e8s de violents chocs.<\/p>\n<p class=\"asset asset-text\">Cette id\u00e9e n\u2019a pourtant aucune ambition esth\u00e9tique. Elle sera surtout l\u00e0 pour permettre de mieux prendre en charge les potentielles commotions c\u00e9r\u00e9brales, v\u00e9ritable fl\u00e9au dans ce sport, comme <a href=\"https:\/\/www.huffingtonpost.fr\/sport\/article\/sebastien-chabal-se-confie-le-choc-qu-il-fallait-au-rugby-pour-prendre-la-mesure-du-probleme-des-commotions_248733.html\" target=\"_blank\" rel=\"noopener\">en t\u00e9moignait encore r\u00e9cemment l\u2019ex-international fran\u00e7ais S\u00e9bastien Chabal<\/a>.<\/p>\n<p class=\"asset asset-text\">Ainsi, le prot\u00e8ge-dents s\u2019allumera en rouge si une joueuse subit un choc suffisamment violent pour potentiellement causer une commotion c\u00e9r\u00e9brale. Le flash lumineux permettra aux joueuses, au corps arbitral mais aussi aux spectateurs de d\u00e9celer les impacts violents \u00e0 la t\u00eate.<\/p>\n<p class=\"asset asset-text\">Si la couleur rouge appara\u00eet, l\u2019arbitre devra alors arr\u00eater le match et la joueuse concern\u00e9e quittera le terrain pour subir un examen m\u00e9dical dans le cadre du protocole commotion. De quoi faire gagner du temps \u00e0 l\u2019ensemble des protagonistes tout en prenant en charge plus rapidement les potentiels chocs violents \u00e0 la t\u00eate.<\/p>\n<p>    Vers une g\u00e9n\u00e9ralisation mondiale\u00a0?    <\/p>\n<p class=\"asset asset-text\">Toutes les joueuses de la Coupe du monde f\u00e9minine porteront ces prot\u00e8ge-dents, a expliqu\u00e9 Eanna Falvey, m\u00e9decin en chef de World Rugby. Cette derni\u00e8re pr\u00e9cise toutefois que deux joueuses s\u2019en passeront, car elles porteront d\u00e9j\u00e0 un appareil dentaire.<\/p>\n<p class=\"asset asset-text\">En creux, l\u2019objectif derri\u00e8re cette initiative est d\u2019introduire ce syst\u00e8me dans toutes les comp\u00e9titions de rugby de haut niveau, ont pr\u00e9cis\u00e9 les repr\u00e9sentants de World Rugby lors d\u2019une conf\u00e9rence de presse \u00e0 Londres. Selon une statistique World Rugby, dans le rugby masculin, environ 85\u00a0% des joueurs portent des prot\u00e8ge-dents connect\u00e9s, qui ne sont pas pour l\u2019heure obligatoires. L\u2019instance internationale avait pr\u00e9c\u00e9demment introduit le prot\u00e8ge-dents connect\u00e9 lors du tournoi international f\u00e9minin WXV en 2023, avant de le g\u00e9n\u00e9raliser \u00e0 l\u2019\u00e9chelle mondiale l\u2019ann\u00e9e suivante.<\/p>\n","protected":false},"excerpt":{"rendered":"ASHLEY WESTERN \/ DPPI via AFP Abby Dow et Kelly Arbey durant le tournoi f\u00e9minin des VI nations&hellip;\n","protected":false},"author":2,"featured_media":312751,"comment_status":"","ping_status":"","sticky":false,"template":"","format":"standard","meta":{"footnotes":""},"categories":[1416],"tags":[1011,27,479,12042,1468,517,29249,60],"class_list":{"0":"post-312750","1":"post","2":"type-post","3":"status-publish","4":"format-standard","5":"has-post-thumbnail","7":"category-rugby","8":"tag-fr","9":"tag-france","10":"tag-rugby","11":"tag-rugby-feminin","12":"tag-rugby-football","13":"tag-sport","14":"tag-sport-feminin","15":"tag-sports"},"share_on_mastodon":{"url":"https:\/\/pubeurope.com\/@fr\/115012927973952953","error":""},"_links":{"self":[{"href":"https:\/\/www.europesays.com\/fr\/wp-json\/wp\/v2\/posts\/312750","targetHints":{"allow":["GET"]}}],"collection":[{"href":"https:\/\/www.europesays.com\/fr\/wp-json\/wp\/v2\/posts"}],"about":[{"href":"https:\/\/www.europesays.com\/fr\/wp-json\/wp\/v2\/types\/post"}],"author":[{"embeddable":true,"href":"https:\/\/www.europesays.com\/fr\/wp-json\/wp\/v2\/users\/2"}],"replies":[{"embeddable":true,"href":"https:\/\/www.europesays.com\/fr\/wp-json\/wp\/v2\/comments?post=312750"}],"version-history":[{"count":0,"href":"https:\/\/www.europesays.com\/fr\/wp-json\/wp\/v2\/posts\/312750\/revisions"}],"wp:featuredmedia":[{"embeddable":true,"href":"https:\/\/www.europesays.com\/fr\/wp-json\/wp\/v2\/media\/312751"}],"wp:attachment":[{"href":"https:\/\/www.europesays.com\/fr\/wp-json\/wp\/v2\/media?parent=312750"}],"wp:term":[{"taxonomy":"category","embeddable":true,"href":"https:\/\/www.europesays.com\/fr\/wp-json\/wp\/v2\/categories?post=312750"},{"taxonomy":"post_tag","embeddable":true,"href":"https:\/\/www.europesays.com\/fr\/wp-json\/wp\/v2\/tags?post=312750"}],"curies":[{"name":"wp","href":"https:\/\/api.w.org\/{rel}","templated":true}]}}