{"id":312757,"date":"2025-08-12T00:23:09","date_gmt":"2025-08-12T00:23:09","guid":{"rendered":"https:\/\/www.europesays.com\/fr\/312757\/"},"modified":"2025-08-12T00:23:09","modified_gmt":"2025-08-12T00:23:09","slug":"je-veux-me-battre-a-nouveau-pour-le-gagner-pas-rassasiee-pauline-ferrand-prevot-pense-deja-au-tour-de-france-2026-lequipe","status":"publish","type":"post","link":"https:\/\/www.europesays.com\/fr\/312757\/","title":{"rendered":"\u00ab Je veux me battre \u00e0 nouveau pour le gagner \u00bb : pas rassasi\u00e9e, Pauline Ferrand-Pr\u00e9v\u00f4t pense d\u00e9j\u00e0 au Tour de France 2026 &#8211; L&#039;\u00c9quipe"},"content":{"rendered":"<ol>\n<li><a href=\"https:\/\/news.google.com\/rss\/articles\/CBMiggJBVV95cUxNdmhYaFA3WmQzcm4zMnY1VXZTNHdWc25SVmZ0Z21MWGQtYlkwZmlsdXNoU1duckFZYVRLN2tFZ2c2bVdlcWZEU0VhWUZfblQtTGVCTnU5VE12WGhERFZzQk5PaDV6LU9fQTZfejdmbUxlamdQcWZWNVk1eXJ6VW9JV2Vnc012RTVyWFR1OHZ0WlZia3pfcE41WVM2WEdSYlI4bE5OcDl1WGE4Wk5HS21sS2ZDUFJ0bnFRRFdQVXd3WU83RnA2bEJ4akJBR2FYNnUzRnlvczkxRExhTEdaR3FfUkhYbXpicDNsVkdWdklibmFkODJfMVRlckdQNVpkZ1BwMWc?oc=5\" target=\"_blank\" rel=\"nofollow noopener\">\u00ab Je veux me battre \u00e0 nouveau pour le gagner \u00bb : pas rassasi\u00e9e, Pauline Ferrand-Pr\u00e9v\u00f4t pense d\u00e9j\u00e0 au Tour de France 2026<\/a>&nbsp;&nbsp;L&rsquo;\u00c9quipe<\/li>\n<li><a href=\"https:\/\/news.google.com\/rss\/articles\/CBMi7wFBVV95cUxOaC1XTUZkS3BlRnM0QWw5T3h5SG5LMXBrcmt6ZGVPeUFjWUxPTTZWVmtEdUxNMHdrbDVieWlOdFp1M3VPbnpNNmJsdkVmajVIV19ZZktVODN3SXJneEhIeFFsUW9TM2lLb0RmenM1S2twTFN4YzZXd0xxNGtuSEZPcG5QVXk5bGNQMDZILVhFWi1EQi1TWlM0dGVmSFZuMjg4Y3ZfcVE3RGFYVEh6Zlh3am1pYVlNRmprRTFWbHFNY2hialJXVGNYajdDUHVORHhMR1J2ZHJBMGVHZWx1YnZiYjNHZDNtVXZiWk5yMVVqQQ?oc=5\" target=\"_blank\" rel=\"nofollow noopener\">Pauline Ferrand-Pr\u00e9v\u00f4t fait l&rsquo;impasse sur les Mondiaux mais sera pr\u00e9sente aux Championnats d&rsquo;Europe<\/a>&nbsp;&nbsp;L&rsquo;\u00c9quipe<\/li>\n<li><a href=\"https:\/\/news.google.com\/rss\/articles\/CBMiwwFBVV95cUxNZTFSc2FDdGVjYW5VTTdNcmpucXVtYkdieEVBM2FsNl9pMVdmM0d2YjZGaW5OVGFOS2EzbVppUEtSQ0Z4RXlxelBoM1J1SzUzNm05RUpCZGlNc05UNGRFa0hPNkZVcEU4OGNGcGgxZzlOcWZhREFGa0Mydk9XY2dGanMwWE90QThCNVZoWlRPS25IRnljbkpvRzhpU1ZmNE9nZWowc1NLT0lTS1VrVXdqbEZmUF9PT0xPTUNLTFRGTDBYUUnSAcIBQVVfeXFMTll6WWdnMkRxczlUTEw3NmtlbGtHemlBUWFDdHdjOVNTcklKZUc3QzhqQkRNSS1EU0lLOHNDQjJiRzJ1Nk1zQmt3dGtHM3VsS0lyX1dvYzVTU2Jkc2pLZ0U4VG9Ta2luWU83YzBRTHZlcEdFMmhpd2tzOG5UWmhrUDcxem55ejFlSzlVMTMtRGx4R0hnclJHWWVYNTZULWFUTGNNU0RQdThIZF9tbW0xb3ZLLTJtZkNqYlZZTzVuQTZYTnc?oc=5\" target=\"_blank\" rel=\"nofollow noopener\">Visma-Lease a bike : Ferrand-Pr\u00e9v\u00f4t ne disputera pas les Mondiaux<\/a>&nbsp;&nbsp;Orange Actualit\u00e9s | Sports<\/li>\n<li><a href=\"https:\/\/news.google.com\/rss\/articles\/CBMi6wFBVV95cUxQalhtdXItUVJGOV9uZDZMRDV6dXgzWE5HaUZYVmhOamJRVlhOeHRJY2hicW5rRzhtVUNjOXpTRDZWaHAtd1JDMjQ2Z1hzaE1zeDg3TzV6aE9wSnB3V2hxbDJoVUJ4YWhnWHBrOEdPb3NZWHhOX2dhblBNanJ3RkJ1T05XWmJfSU9CT2MzMlU3eU8yVXZVQTNxMWpvcFhfS24zV2tFaTdfN1MyQTVBX0FHZUFiT3FFc0JFa0p2Ry1IcWRsQWpyQTJjZW5lQ3k2d25MWlBOSUNVTk96cV84ZTh2ZjI5bllnbmRZSUhN?oc=5\" target=\"_blank\" rel=\"nofollow noopener\">Pauline Ferrand-Pr\u00e9vot, r\u00e9cente vainqueure du Tour de France, ne participera pas au Mondiaux de cyclisme au Rwanda<\/a>&nbsp;&nbsp;Le Monde.fr<\/li>\n<li><a href=\"https:\/\/news.google.com\/rss\/articles\/CBMi5gFBVV95cUxOWG9pcExNVDdfd0JybjdpTjg2cnZmRzQ5UlNaVktjSGZYVENhb2FJYmJjb0R2bkNwb3BYZ3M1Zk9aWVMxVE5XUWRiLTk5TlotOE9RNEZ3Uk94Vm1sanNBU2dzbjZhTHBzQnIwQnZId29odmprVnViNXdrSlVJcmVobmM3R1l2cGZiSGlRU2FMTU05dVhCaUZxbTgwaXRlMm1YcGxYZkNpaVgtNGJsbl9pZ1VXODgwV2pSX3d6cnJBcUZMTGZRZzdISkg1aEpGNVFhaXVPT1FwOEo2UzVjYnNVU3djd1pIdw?oc=5\" target=\"_blank\" rel=\"nofollow noopener\">Ferrand-Pr\u00e9vot : \u00ab\u00a0Vraiment pris du plaisir \u00e0 courir en France, \u00e0 voir ces enfants et les pancartes\u00a0\u00bb<\/a>&nbsp;&nbsp;BFMTV<\/li>\n<\/ol>\n","protected":false},"excerpt":{"rendered":"\u00ab Je veux me battre \u00e0 nouveau pour le gagner \u00bb : pas rassasi\u00e9e, Pauline Ferrand-Pr\u00e9v\u00f4t pense d\u00e9j\u00e0&hellip;\n","protected":false},"author":2,"featured_media":312758,"comment_status":"","ping_status":"","sticky":false,"template":"","format":"standard","meta":{"footnotes":""},"categories":[1411],"tags":[1154,207,1011,27,60],"class_list":{"0":"post-312757","1":"post","2":"type-post","3":"status-publish","4":"format-standard","5":"has-post-thumbnail","7":"category-cyclisme","8":"tag-cycling","9":"tag-cyclisme","10":"tag-fr","11":"tag-france","12":"tag-sports"},"share_on_mastodon":{"url":"https:\/\/pubeurope.com\/@fr\/115012947454824622","error":""},"_links":{"self":[{"href":"https:\/\/www.europesays.com\/fr\/wp-json\/wp\/v2\/posts\/312757","targetHints":{"allow":["GET"]}}],"collection":[{"href":"https:\/\/www.europesays.com\/fr\/wp-json\/wp\/v2\/posts"}],"about":[{"href":"https:\/\/www.europesays.com\/fr\/wp-json\/wp\/v2\/types\/post"}],"author":[{"embeddable":true,"href":"https:\/\/www.europesays.com\/fr\/wp-json\/wp\/v2\/users\/2"}],"replies":[{"embeddable":true,"href":"https:\/\/www.europesays.com\/fr\/wp-json\/wp\/v2\/comments?post=312757"}],"version-history":[{"count":0,"href":"https:\/\/www.europesays.com\/fr\/wp-json\/wp\/v2\/posts\/312757\/revisions"}],"wp:featuredmedia":[{"embeddable":true,"href":"https:\/\/www.europesays.com\/fr\/wp-json\/wp\/v2\/media\/312758"}],"wp:attachment":[{"href":"https:\/\/www.europesays.com\/fr\/wp-json\/wp\/v2\/media?parent=312757"}],"wp:term":[{"taxonomy":"category","embeddable":true,"href":"https:\/\/www.europesays.com\/fr\/wp-json\/wp\/v2\/categories?post=312757"},{"taxonomy":"post_tag","embeddable":true,"href":"https:\/\/www.europesays.com\/fr\/wp-json\/wp\/v2\/tags?post=312757"}],"curies":[{"name":"wp","href":"https:\/\/api.w.org\/{rel}","templated":true}]}}