{"id":312765,"date":"2025-08-12T00:28:28","date_gmt":"2025-08-12T00:28:28","guid":{"rendered":"https:\/\/www.europesays.com\/fr\/312765\/"},"modified":"2025-08-12T00:28:28","modified_gmt":"2025-08-12T00:28:28","slug":"le-bebe-dun-candidat-de-maries-au-premier-regard-atteint-de-laparoschisis-les-chirurgiens-lont-pris-en-charge-des-sa-naissance","status":"publish","type":"post","link":"https:\/\/www.europesays.com\/fr\/312765\/","title":{"rendered":"Le b\u00e9b\u00e9 d&rsquo;un candidat de Mari\u00e9s au premier regard atteint de laparoschisis : les chirurgiens l&rsquo;ont pris en charge d\u00e8s sa naissance"},"content":{"rendered":"<p>La suite apr\u00e8s la publicit\u00e9<\/p>\n<p>Depuis bient\u00f4t dix ans, Mari\u00e9s au premier regard se pr\u00e9sente comme un programme phare de M6. Et certains des diff\u00e9rents candidats qui l&rsquo;ont anim\u00e9 au fil des saisons ont particuli\u00e8rement \u00e9t\u00e9 marquants. C&rsquo;est le cas de <strong>Rapha\u00ebl<\/strong> qui a particip\u00e9 en 2017, pour la deuxi\u00e8me \u00e9dition. \u00c0 l&rsquo;\u00e9poque, les experts l&rsquo;avaient trouv\u00e9 compatible avec <strong>Caroline,<\/strong> qu&rsquo;il avait fini par \u00e9pouser. Les deux candidats s&rsquo;\u00e9taient finalement <a href=\"https:\/\/www.purepeople.com\/article\/maries-au-premier-regard-caroline-et-raphael-ont-divorce_a263680\/1\" rel=\"nofollow noopener\" target=\"_blank\">s\u00e9par\u00e9s peu de temps apr\u00e8s<\/a> et depuis, Rapha\u00ebl a refait sa vie avec une autre.\u00a0<\/p>\n<p>Aux c\u00f4t\u00e9s de sa femme, il a accueilli deux petites filles : <strong>Giulia<\/strong>, n\u00e9e en f\u00e9vrier 2021 et <strong>L\u00f9cia<\/strong>, qui est arriv\u00e9e le 25 juillet dernier. Malheureusement, la naissance de la benjamine ne s&rsquo;est pas faite sans complication. En effet, il y a quelques jours, l&rsquo;\u00e9pouse de Rapha\u00ebl annon\u00e7ait le coeur lourd que <a href=\"https:\/\/www.purepeople.com\/article\/deux-semaines-seulement-apres-sa-naissance-le-bebe-de-cet-ex-candidat-de-maries-au-premier-regard-confronte-aux-machines-et-aux-blouses-blanches_a541223\/1\" rel=\"nofollow noopener\" target=\"_blank\">L\u00f9cia se trouvait hospitalis\u00e9e, \u00e0 seulement deux semaines de vie<\/a>. \u00ab\u00a0Tout aurait pu \u00eatre simple, doux, rempli de peau \u00e0 peau et de premiers sourires. Mais non. <strong>Elle doit d\u00e9j\u00e0 se battre<\/strong>. Si petite, si innocente\u2026 <strong>d\u00e9j\u00e0 confront\u00e9e \u00e0 la douleur, aux machines, aux blouses blanches<\/strong>\u00ab\u00a0, \u00e9crivait la maman impuissante.<\/p>\n<p>\u00c0 ce moment-l\u00e0, ni elle ni Rapha\u00ebl n&rsquo;en disaient plus sur ce qui retenait l&rsquo;enfant dans un \u00e9tablissement de sant\u00e9. Mais dimanche 10 ao\u00fbt, le myst\u00e8re a \u00e9t\u00e9 lev\u00e9. \u00c0 travers un post Instagram, les internautes ont ainsi pu apprendre que le b\u00e9b\u00e9 souffrait<strong> d&rsquo;un laparoschisis<\/strong>.<\/p>\n<p>Le b\u00e9b\u00e9 de Rapha\u00ebl (Mari\u00e9s au premier regard) op\u00e9r\u00e9 juste apr\u00e8s sa naissance<\/p>\n<p>\u00ab\u00a0<strong>Le laparoschisis est une malformation rare qui se forme t\u00f4t pendant la grossesse.<\/strong> Il s\u2019agit d\u2019une ouverture qui se cr\u00e9\u00e9e dans la paroi abdominale (souvent \u00e0 droite du nombril), laissant sortir les intestins (et d\u2019autres organes comme la vessie, l\u2019estomac\u2026) \u00e0 l\u2019ext\u00e9rieur du ventre, sans protection par le sac amniotique. La cause exacte est inconnue\u00a0\u00bb, explique la compagne de Rapha\u00ebl en l\u00e9gende de sa publication.<\/p>\n<p>Et de pr\u00e9ciser : \u00ab\u00a0<strong>La prise en charge chirurgicale d\u00e8s la naissance est n\u00e9cessaire<\/strong>, et des soins adapt\u00e9s permettent de vivre une vie normale par la suite. Mais ce long parcours demande courage, patience, de l&rsquo;amour et beaucoup de force.\u00a0\u00bb<\/p>\n<p>\u00c0 noter que les enfants atteints de laparoschisis sont hospitalis\u00e9s et <strong>plac\u00e9s sous nutrition parent\u00e9rale (intraveineuse)<\/strong> jusqu&rsquo;\u00e0 ce que leurs intestins retrouvent une fonction normale et cela peut prendre plusieurs semaines.<\/p>\n","protected":false},"excerpt":{"rendered":"La suite apr\u00e8s la publicit\u00e9 Depuis bient\u00f4t dix ans, Mari\u00e9s au premier regard se pr\u00e9sente comme un programme&hellip;\n","protected":false},"author":2,"featured_media":312766,"comment_status":"","ping_status":"","sticky":false,"template":"","format":"standard","meta":{"footnotes":""},"categories":[1356],"tags":[58,59,1011,27,252,1364],"class_list":{"0":"post-312765","1":"post","2":"type-post","3":"status-publish","4":"format-standard","5":"has-post-thumbnail","7":"category-television","8":"tag-divertissement","9":"tag-entertainment","10":"tag-fr","11":"tag-france","12":"tag-television","13":"tag-tv"},"share_on_mastodon":{"url":"https:\/\/pubeurope.com\/@fr\/115012967219694031","error":""},"_links":{"self":[{"href":"https:\/\/www.europesays.com\/fr\/wp-json\/wp\/v2\/posts\/312765","targetHints":{"allow":["GET"]}}],"collection":[{"href":"https:\/\/www.europesays.com\/fr\/wp-json\/wp\/v2\/posts"}],"about":[{"href":"https:\/\/www.europesays.com\/fr\/wp-json\/wp\/v2\/types\/post"}],"author":[{"embeddable":true,"href":"https:\/\/www.europesays.com\/fr\/wp-json\/wp\/v2\/users\/2"}],"replies":[{"embeddable":true,"href":"https:\/\/www.europesays.com\/fr\/wp-json\/wp\/v2\/comments?post=312765"}],"version-history":[{"count":0,"href":"https:\/\/www.europesays.com\/fr\/wp-json\/wp\/v2\/posts\/312765\/revisions"}],"wp:featuredmedia":[{"embeddable":true,"href":"https:\/\/www.europesays.com\/fr\/wp-json\/wp\/v2\/media\/312766"}],"wp:attachment":[{"href":"https:\/\/www.europesays.com\/fr\/wp-json\/wp\/v2\/media?parent=312765"}],"wp:term":[{"taxonomy":"category","embeddable":true,"href":"https:\/\/www.europesays.com\/fr\/wp-json\/wp\/v2\/categories?post=312765"},{"taxonomy":"post_tag","embeddable":true,"href":"https:\/\/www.europesays.com\/fr\/wp-json\/wp\/v2\/tags?post=312765"}],"curies":[{"name":"wp","href":"https:\/\/api.w.org\/{rel}","templated":true}]}}